{"id":7698,"date":"2016-06-21T10:02:06","date_gmt":"2016-06-21T08:02:06","guid":{"rendered":"http:\/\/www.wolfgang-barina.de\/bdh\/?p=7698"},"modified":"2024-10-18T07:25:16","modified_gmt":"2024-10-18T05:25:16","slug":"wer-hat-1925-das-kleine-zigeunermaedchen-gemalt","status":"publish","type":"post","link":"https:\/\/www.wolfgang-barina.de\/bdh\/?p=7698","title":{"rendered":"Wer hat 1925 das &#8222;Kleine Zigeunerm\u00e4dchen&#8220; gemalt?"},"content":{"rendered":"<p>Das Geheimnis dieses kleinen Bildes versuche ich zu l\u00f6sen seit ich es vor nunmehr 25 Jahren auf einem Flohmarkt gekauft habe. Das Motiv scheint auf den ersten Blick kitschig und erf\u00fcllt Klischees, denen ich mich selbst nicht ganz entziehen kann. Nicht umsonst lautet\u00a0meine frei gew\u00e4hlte Bezeichnung &#8222;Kleine Zigeunerin&#8220;.<br \/>\nAber das Bildchen ist auch erstaunlich fein und versiert gemalt und Gestik, Mimik und Atmosph\u00e4re sind gut getroffen. Das Kind schaut direkt ins Auge des Betrachters und lebt.<\/p>\n<p>Genialer Ausrei\u00dfer eines Hobbymalers, Finger\u00fcbung eines namhaften K\u00fcnstlers? Was sehen wir \u00fcberhaupt: tats\u00e4chlich ein &#8222;Zigeunerm\u00e4dchen&#8220;?<\/p>\n<p><img decoding=\"async\" class=\"size-full wp-image-7699 aligncenter\" src=\"http:\/\/www.wolfgang-barina.de\/wordpress\/wp-content\/uploads\/2016\/06\/nn-zigeunermaedchen.jpg\" alt=\"nn-zigeunermaedchen\" width=\"450\" height=\"529\" srcset=\"https:\/\/www.wolfgang-barina.de\/wordpress\/wp-content\/uploads\/2016\/06\/nn-zigeunermaedchen.jpg 450w, https:\/\/www.wolfgang-barina.de\/wordpress\/wp-content\/uploads\/2016\/06\/nn-zigeunermaedchen-255x300.jpg 255w\" sizes=\"(max-width: 450px) 100vw, 450px\" \/><\/p>\n<p style=\"text-align: center;\">&#8222;Kleine Zigeunerin&#8220;<br \/>\nGouache\/Wasserfarben, 1925 (?), ca. 12,5 x 13 cm<\/p>\n<p>Kommen wir zur vermeintlichen Signatur: Wer will hier nicht &#8222;Mir\u00f3&#8220; lesen?<\/p>\n<p><img decoding=\"async\" class=\"size-full wp-image-7700 aligncenter\" src=\"http:\/\/www.wolfgang-barina.de\/wordpress\/wp-content\/uploads\/2016\/06\/nn-zigeunermaedchen-signatur.jpg\" alt=\"nn-zigeunermaedchen-signatur\" width=\"338\" height=\"95\" srcset=\"https:\/\/www.wolfgang-barina.de\/wordpress\/wp-content\/uploads\/2016\/06\/nn-zigeunermaedchen-signatur.jpg 338w, https:\/\/www.wolfgang-barina.de\/wordpress\/wp-content\/uploads\/2016\/06\/nn-zigeunermaedchen-signatur-300x84.jpg 300w\" sizes=\"(max-width: 338px) 100vw, 338px\" \/><\/p>\n<p>Die Idee war nat\u00fcrlich von vorne herein verwegen, aber die Hoffnung auf eine Sensation motiviert schlie\u00dflich so manchen spontanen Flohmarktkauf. Hier war ich 1991 sogar bereit, auf dem Parkplatzgel\u00e4nde von damals Massa in Hattersheim satte 50 DM auf eine absurde Spekulation zu setzen, die sich beim heimischen Studium von Vergleichssignaturen nat\u00fcrlich schnell als Illusion erwiesen hat. Aber damals hatte man noch kein Smartphone in der Ges\u00e4\u00dftasche, um das schnell und gleich vor Ort durchzugooglen.<br \/>\nWas sehen wir also? Einen Schn\u00f6rkel, der allenfalls vage an gewisse linienartige Strukturen aus Arbeiten von Mir\u00f3 erinnert. Seine Signatur ist das jedenfalls nicht, noch nicht einmal der Versuch diese zu imitieren. Ist es \u00fcberhaupt eine Signatur oder sind es nur ein paar Kringel, die eine Signatur vort\u00e4uschen, eine F\u00e4hrte legen sollen? Auch befinden sich Signatur und die Jahreszahl &#8222;1925&#8220; nicht auf dem Bild selbst, sondern auf dem wei\u00dfen Papier, m\u00f6glicherweise einem ehemaligen Briefumschlag, auf den es -schlecht und schr\u00e4g ausgeschnitten &#8211; geklebt ist.\u00a0Das kann jeder jederzeit dort angebracht haben. Will mich jemand reinlegen oder lege ich mich nur selbst rein und alles ist ganz harm- und arglos?<\/p>\n<p>Und auch das kann man sagen: unabh\u00e4ngig von all diesen bohrenden Fragen ist uns das Gesicht vertraut geworden, wir m\u00f6gen das Bild so wie es ist.<\/p>\n<p>Aber ich bleibe neugierig: Hat jemand diese Signatur schon einmal gesehen? Kennt jemand vergleichbare Arbeiten? Ich freue mich \u00fcber jeden Hinweis und \u00fcber Kommentare per <a href=\"mailto:post@wolfgang-barina.de\">E-Mail<\/a>.<\/p>\n","protected":false},"excerpt":{"rendered":"<p>Das Geheimnis dieses kleinen Bildes versuche ich zu l\u00f6sen seit ich es vor nunmehr 25 Jahren auf einem Flohmarkt gekauft habe. Das Motiv scheint auf den ersten Blick kitschig und erf\u00fcllt Klischees, denen ich mich <a class=\"more-link\" href=\"https:\/\/www.wolfgang-barina.de\/bdh\/?p=7698\">weiterlesen&#8230;<\/a><\/p>\n","protected":false},"author":3,"featured_media":0,"comment_status":"open","ping_status":"open","sticky":false,"template":"","format":"standard","meta":{"footnotes":""},"categories":[26],"tags":[],"class_list":["post-7698","post","type-post","status-publish","format-standard","hentry","category-sammlerschoten"],"aioseo_notices":[],"aioseo_head":"\n\t\t<!-- All in One SEO 5.0.0.1 - aioseo.com -->\n\t<meta name=\"description\" content=\"Das Geheimnis dieses kleinen Bildes versuche ich zu l\u00f6sen seit ich es vor nunmehr 25 Jahren auf einem Flohmarkt gekauft habe. Das Motiv scheint auf den ersten Blick kitschig und erf\u00fcllt Klischees, denen ich mich selbst nicht ganz entziehen kann. Nicht umsonst lautet meine frei gew\u00e4hlte Bezeichnung &quot;Kleine Zigeunerin&quot;. Aber das Bildchen ist auch erstaunlich fein\" \/>\n\t<meta name=\"robots\" content=\"max-image-preview:large\" \/>\n\t<meta name=\"author\" content=\"Wolfgang Barina\"\/>\n\t<link rel=\"canonical\" href=\"https:\/\/www.wolfgang-barina.de\/bdh\/?p=7698\" \/>\n\t<meta name=\"generator\" content=\"All in One SEO (AIOSEO) 5.0.0.1\" \/>\n\t\t<meta property=\"og:locale\" content=\"de_DE\" \/>\n\t\t<meta property=\"og:site_name\" content=\"Wolfgang Barina - Frankfurt\" \/>\n\t\t<meta property=\"og:type\" content=\"article\" \/>\n\t\t<meta property=\"og:title\" content=\"Wer hat 1925 das \u201eKleine Zigeunerm\u00e4dchen\u201c gemalt? - Wolfgang Barina\" \/>\n\t\t<meta property=\"og:description\" content=\"Das Geheimnis dieses kleinen Bildes versuche ich zu l\u00f6sen seit ich es vor nunmehr 25 Jahren auf einem Flohmarkt gekauft habe. Das Motiv scheint auf den ersten Blick kitschig und erf\u00fcllt Klischees, denen ich mich selbst nicht ganz entziehen kann. Nicht umsonst lautet meine frei gew\u00e4hlte Bezeichnung &quot;Kleine Zigeunerin&quot;. Aber das Bildchen ist auch erstaunlich fein\" \/>\n\t\t<meta property=\"og:url\" content=\"https:\/\/www.wolfgang-barina.de\/bdh\/?p=7698\" \/>\n\t\t<meta property=\"article:published_time\" content=\"2016-06-21T08:02:06+00:00\" \/>\n\t\t<meta property=\"article:modified_time\" content=\"2024-10-18T05:25:16+00:00\" \/>\n\t\t<meta name=\"twitter:card\" content=\"summary_large_image\" \/>\n\t\t<meta name=\"twitter:title\" content=\"Wer hat 1925 das \u201eKleine Zigeunerm\u00e4dchen\u201c gemalt? - Wolfgang Barina\" \/>\n\t\t<meta name=\"twitter:description\" content=\"Das Geheimnis dieses kleinen Bildes versuche ich zu l\u00f6sen seit ich es vor nunmehr 25 Jahren auf einem Flohmarkt gekauft habe. Das Motiv scheint auf den ersten Blick kitschig und erf\u00fcllt Klischees, denen ich mich selbst nicht ganz entziehen kann. Nicht umsonst lautet meine frei gew\u00e4hlte Bezeichnung &quot;Kleine Zigeunerin&quot;. Aber das Bildchen ist auch erstaunlich fein\" \/>\n\t\t<script type=\"application\/ld+json\" class=\"aioseo-schema\">\n\t\t\t{\"@context\":\"https:\\\/\\\/schema.org\",\"@graph\":[{\"@type\":\"BlogPosting\",\"@id\":\"https:\\\/\\\/www.wolfgang-barina.de\\\/bdh\\\/?p=7698#blogposting\",\"name\":\"Wer hat 1925 das \\u201eKleine Zigeunerm\\u00e4dchen\\u201c gemalt? - Wolfgang Barina\",\"headline\":\"Wer hat 1925 das &#8222;Kleine Zigeunerm\\u00e4dchen&#8220; gemalt?\",\"author\":{\"@id\":\"https:\\\/\\\/www.wolfgang-barina.de\\\/bdh\\\/?author=3#author\"},\"publisher\":{\"@id\":\"https:\\\/\\\/www.wolfgang-barina.de\\\/bdh\\\/#person\"},\"image\":{\"@type\":\"ImageObject\",\"url\":\"https:\\\/\\\/www.wolfgang-barina.de\\\/wordpress\\\/wp-content\\\/uploads\\\/2016\\\/06\\\/nn-zigeunermaedchen.jpg\",\"@id\":\"https:\\\/\\\/www.wolfgang-barina.de\\\/bdh\\\/?p=7698\\\/#articleImage\",\"width\":450,\"height\":529},\"datePublished\":\"2016-06-21T10:02:06+02:00\",\"dateModified\":\"2024-10-18T07:25:16+02:00\",\"inLanguage\":\"de-DE\",\"mainEntityOfPage\":{\"@id\":\"https:\\\/\\\/www.wolfgang-barina.de\\\/bdh\\\/?p=7698#webpage\"},\"isPartOf\":{\"@id\":\"https:\\\/\\\/www.wolfgang-barina.de\\\/bdh\\\/?p=7698#webpage\"},\"articleSection\":\"Kunstsammlerschoten\"},{\"@type\":\"BreadcrumbList\",\"@id\":\"https:\\\/\\\/www.wolfgang-barina.de\\\/bdh\\\/?p=7698#breadcrumblist\",\"itemListElement\":[{\"@type\":\"ListItem\",\"@id\":\"https:\\\/\\\/www.wolfgang-barina.de\\\/bdh#listItem\",\"position\":1,\"name\":\"Zu Hause\",\"item\":\"https:\\\/\\\/www.wolfgang-barina.de\\\/bdh\",\"nextItem\":{\"@type\":\"ListItem\",\"@id\":\"https:\\\/\\\/www.wolfgang-barina.de\\\/bdh\\\/?cat=26#listItem\",\"name\":\"Kunstsammlerschoten\"}},{\"@type\":\"ListItem\",\"@id\":\"https:\\\/\\\/www.wolfgang-barina.de\\\/bdh\\\/?cat=26#listItem\",\"position\":2,\"name\":\"Kunstsammlerschoten\",\"item\":\"https:\\\/\\\/www.wolfgang-barina.de\\\/bdh\\\/?cat=26\",\"nextItem\":{\"@type\":\"ListItem\",\"@id\":\"https:\\\/\\\/www.wolfgang-barina.de\\\/bdh\\\/?p=7698#listItem\",\"name\":\"Wer hat 1925 das &#8222;Kleine Zigeunerm\\u00e4dchen&#8220; gemalt?\"},\"previousItem\":{\"@type\":\"ListItem\",\"@id\":\"https:\\\/\\\/www.wolfgang-barina.de\\\/bdh#listItem\",\"name\":\"Zu Hause\"}},{\"@type\":\"ListItem\",\"@id\":\"https:\\\/\\\/www.wolfgang-barina.de\\\/bdh\\\/?p=7698#listItem\",\"position\":3,\"name\":\"Wer hat 1925 das &#8222;Kleine Zigeunerm\\u00e4dchen&#8220; gemalt?\",\"previousItem\":{\"@type\":\"ListItem\",\"@id\":\"https:\\\/\\\/www.wolfgang-barina.de\\\/bdh\\\/?cat=26#listItem\",\"name\":\"Kunstsammlerschoten\"}}]},{\"@type\":\"Person\",\"@id\":\"https:\\\/\\\/www.wolfgang-barina.de\\\/bdh\\\/#person\",\"name\":\"Wolfgang Barina\"},{\"@type\":\"Person\",\"@id\":\"https:\\\/\\\/www.wolfgang-barina.de\\\/bdh\\\/?author=3#author\",\"url\":\"https:\\\/\\\/www.wolfgang-barina.de\\\/bdh\\\/?author=3\",\"name\":\"Wolfgang Barina\"},{\"@type\":\"WebPage\",\"@id\":\"https:\\\/\\\/www.wolfgang-barina.de\\\/bdh\\\/?p=7698#webpage\",\"url\":\"https:\\\/\\\/www.wolfgang-barina.de\\\/bdh\\\/?p=7698\",\"name\":\"Wer hat 1925 das \\u201eKleine Zigeunerm\\u00e4dchen\\u201c gemalt? - Wolfgang Barina\",\"description\":\"Das Geheimnis dieses kleinen Bildes versuche ich zu l\\u00f6sen seit ich es vor nunmehr 25 Jahren auf einem Flohmarkt gekauft habe. Das Motiv scheint auf den ersten Blick kitschig und erf\\u00fcllt Klischees, denen ich mich selbst nicht ganz entziehen kann. Nicht umsonst lautet meine frei gew\\u00e4hlte Bezeichnung \\\"Kleine Zigeunerin\\\". Aber das Bildchen ist auch erstaunlich fein\",\"inLanguage\":\"de-DE\",\"isPartOf\":{\"@id\":\"https:\\\/\\\/www.wolfgang-barina.de\\\/bdh\\\/#website\"},\"breadcrumb\":{\"@id\":\"https:\\\/\\\/www.wolfgang-barina.de\\\/bdh\\\/?p=7698#breadcrumblist\"},\"author\":{\"@id\":\"https:\\\/\\\/www.wolfgang-barina.de\\\/bdh\\\/?author=3#author\"},\"creator\":{\"@id\":\"https:\\\/\\\/www.wolfgang-barina.de\\\/bdh\\\/?author=3#author\"},\"datePublished\":\"2016-06-21T10:02:06+02:00\",\"dateModified\":\"2024-10-18T07:25:16+02:00\"},{\"@type\":\"WebSite\",\"@id\":\"https:\\\/\\\/www.wolfgang-barina.de\\\/bdh\\\/#website\",\"url\":\"https:\\\/\\\/www.wolfgang-barina.de\\\/bdh\\\/\",\"name\":\"Wolfgang Barina\",\"description\":\"Frankfurt\",\"inLanguage\":\"de-DE\",\"publisher\":{\"@id\":\"https:\\\/\\\/www.wolfgang-barina.de\\\/bdh\\\/#person\"}}]}\n\t\t<\/script>\n\t\t<!-- All in One SEO -->\n\n","aioseo_head_json":{"title":"Wer hat 1925 das \u201eKleine Zigeunerm\u00e4dchen\u201c gemalt? - Wolfgang Barina","description":"Das Geheimnis dieses kleinen Bildes versuche ich zu l\u00f6sen seit ich es vor nunmehr 25 Jahren auf einem Flohmarkt gekauft habe. Das Motiv scheint auf den ersten Blick kitschig und erf\u00fcllt Klischees, denen ich mich selbst nicht ganz entziehen kann. Nicht umsonst lautet meine frei gew\u00e4hlte Bezeichnung \"Kleine Zigeunerin\". Aber das Bildchen ist auch erstaunlich fein","canonical_url":"https:\/\/www.wolfgang-barina.de\/bdh\/?p=7698","robots":"max-image-preview:large","keywords":"","webmasterTools":{"miscellaneous":""},"schema":{"@context":"https:\/\/schema.org","@graph":[{"@type":"BlogPosting","@id":"https:\/\/www.wolfgang-barina.de\/bdh\/?p=7698#blogposting","name":"Wer hat 1925 das \u201eKleine Zigeunerm\u00e4dchen\u201c gemalt? - Wolfgang Barina","headline":"Wer hat 1925 das &#8222;Kleine Zigeunerm\u00e4dchen&#8220; gemalt?","author":{"@id":"https:\/\/www.wolfgang-barina.de\/bdh\/?author=3#author"},"publisher":{"@id":"https:\/\/www.wolfgang-barina.de\/bdh\/#person"},"image":{"@type":"ImageObject","url":"https:\/\/www.wolfgang-barina.de\/wordpress\/wp-content\/uploads\/2016\/06\/nn-zigeunermaedchen.jpg","@id":"https:\/\/www.wolfgang-barina.de\/bdh\/?p=7698\/#articleImage","width":450,"height":529},"datePublished":"2016-06-21T10:02:06+02:00","dateModified":"2024-10-18T07:25:16+02:00","inLanguage":"de-DE","mainEntityOfPage":{"@id":"https:\/\/www.wolfgang-barina.de\/bdh\/?p=7698#webpage"},"isPartOf":{"@id":"https:\/\/www.wolfgang-barina.de\/bdh\/?p=7698#webpage"},"articleSection":"Kunstsammlerschoten"},{"@type":"BreadcrumbList","@id":"https:\/\/www.wolfgang-barina.de\/bdh\/?p=7698#breadcrumblist","itemListElement":[{"@type":"ListItem","@id":"https:\/\/www.wolfgang-barina.de\/bdh#listItem","position":1,"name":"Zu Hause","item":"https:\/\/www.wolfgang-barina.de\/bdh","nextItem":{"@type":"ListItem","@id":"https:\/\/www.wolfgang-barina.de\/bdh\/?cat=26#listItem","name":"Kunstsammlerschoten"}},{"@type":"ListItem","@id":"https:\/\/www.wolfgang-barina.de\/bdh\/?cat=26#listItem","position":2,"name":"Kunstsammlerschoten","item":"https:\/\/www.wolfgang-barina.de\/bdh\/?cat=26","nextItem":{"@type":"ListItem","@id":"https:\/\/www.wolfgang-barina.de\/bdh\/?p=7698#listItem","name":"Wer hat 1925 das &#8222;Kleine Zigeunerm\u00e4dchen&#8220; gemalt?"},"previousItem":{"@type":"ListItem","@id":"https:\/\/www.wolfgang-barina.de\/bdh#listItem","name":"Zu Hause"}},{"@type":"ListItem","@id":"https:\/\/www.wolfgang-barina.de\/bdh\/?p=7698#listItem","position":3,"name":"Wer hat 1925 das &#8222;Kleine Zigeunerm\u00e4dchen&#8220; gemalt?","previousItem":{"@type":"ListItem","@id":"https:\/\/www.wolfgang-barina.de\/bdh\/?cat=26#listItem","name":"Kunstsammlerschoten"}}]},{"@type":"Person","@id":"https:\/\/www.wolfgang-barina.de\/bdh\/#person","name":"Wolfgang Barina"},{"@type":"Person","@id":"https:\/\/www.wolfgang-barina.de\/bdh\/?author=3#author","url":"https:\/\/www.wolfgang-barina.de\/bdh\/?author=3","name":"Wolfgang Barina"},{"@type":"WebPage","@id":"https:\/\/www.wolfgang-barina.de\/bdh\/?p=7698#webpage","url":"https:\/\/www.wolfgang-barina.de\/bdh\/?p=7698","name":"Wer hat 1925 das \u201eKleine Zigeunerm\u00e4dchen\u201c gemalt? - Wolfgang Barina","description":"Das Geheimnis dieses kleinen Bildes versuche ich zu l\u00f6sen seit ich es vor nunmehr 25 Jahren auf einem Flohmarkt gekauft habe. Das Motiv scheint auf den ersten Blick kitschig und erf\u00fcllt Klischees, denen ich mich selbst nicht ganz entziehen kann. Nicht umsonst lautet meine frei gew\u00e4hlte Bezeichnung \"Kleine Zigeunerin\". Aber das Bildchen ist auch erstaunlich fein","inLanguage":"de-DE","isPartOf":{"@id":"https:\/\/www.wolfgang-barina.de\/bdh\/#website"},"breadcrumb":{"@id":"https:\/\/www.wolfgang-barina.de\/bdh\/?p=7698#breadcrumblist"},"author":{"@id":"https:\/\/www.wolfgang-barina.de\/bdh\/?author=3#author"},"creator":{"@id":"https:\/\/www.wolfgang-barina.de\/bdh\/?author=3#author"},"datePublished":"2016-06-21T10:02:06+02:00","dateModified":"2024-10-18T07:25:16+02:00"},{"@type":"WebSite","@id":"https:\/\/www.wolfgang-barina.de\/bdh\/#website","url":"https:\/\/www.wolfgang-barina.de\/bdh\/","name":"Wolfgang Barina","description":"Frankfurt","inLanguage":"de-DE","publisher":{"@id":"https:\/\/www.wolfgang-barina.de\/bdh\/#person"}}]},"og:locale":"de_DE","og:site_name":"Wolfgang Barina - Frankfurt","og:type":"article","og:title":"Wer hat 1925 das \u201eKleine Zigeunerm\u00e4dchen\u201c gemalt? - Wolfgang Barina","og:description":"Das Geheimnis dieses kleinen Bildes versuche ich zu l\u00f6sen seit ich es vor nunmehr 25 Jahren auf einem Flohmarkt gekauft habe. Das Motiv scheint auf den ersten Blick kitschig und erf\u00fcllt Klischees, denen ich mich selbst nicht ganz entziehen kann. Nicht umsonst lautet meine frei gew\u00e4hlte Bezeichnung &quot;Kleine Zigeunerin&quot;. Aber das Bildchen ist auch erstaunlich fein","og:url":"https:\/\/www.wolfgang-barina.de\/bdh\/?p=7698","article:published_time":"2016-06-21T08:02:06+00:00","article:modified_time":"2024-10-18T05:25:16+00:00","twitter:card":"summary_large_image","twitter:title":"Wer hat 1925 das \u201eKleine Zigeunerm\u00e4dchen\u201c gemalt? - Wolfgang Barina","twitter:description":"Das Geheimnis dieses kleinen Bildes versuche ich zu l\u00f6sen seit ich es vor nunmehr 25 Jahren auf einem Flohmarkt gekauft habe. Das Motiv scheint auf den ersten Blick kitschig und erf\u00fcllt Klischees, denen ich mich selbst nicht ganz entziehen kann. Nicht umsonst lautet meine frei gew\u00e4hlte Bezeichnung &quot;Kleine Zigeunerin&quot;. Aber das Bildchen ist auch erstaunlich fein"},"aioseo_meta_data":{"post_id":"7698","title":null,"description":null,"keywords":null,"keyphrases":null,"primary_term":null,"canonical_url":null,"og_title":null,"og_description":null,"og_object_type":"default","og_image_type":"default","og_image_url":null,"og_image_width":null,"og_image_height":null,"og_image_custom_url":null,"og_image_custom_fields":null,"og_video":null,"og_custom_url":null,"og_article_section":null,"og_article_tags":null,"twitter_use_og":false,"twitter_card":"default","twitter_image_type":"default","twitter_image_url":null,"twitter_image_custom_url":null,"twitter_image_custom_fields":null,"twitter_title":null,"twitter_description":null,"schema":{"blockGraphs":[],"customGraphs":[],"default":{"data":{"Article":[],"Course":[],"Dataset":[],"FAQPage":[],"Movie":[],"Person":[],"Product":[],"ProductReview":[],"Car":[],"Recipe":[],"Service":[],"SoftwareApplication":[],"WebPage":[]},"graphName":"","isEnabled":true},"graphs":[]},"schema_type":"default","schema_type_options":null,"pillar_content":false,"robots_default":true,"robots_noindex":false,"robots_noarchive":false,"robots_nosnippet":false,"robots_nofollow":false,"robots_noimageindex":false,"robots_noodp":false,"robots_notranslate":false,"robots_max_snippet":null,"robots_max_videopreview":null,"robots_max_imagepreview":"large","priority":null,"frequency":null,"local_seo":null,"breadcrumb_settings":null,"limit_modified_date":false,"ai":null,"created":"2024-11-06 10:31:41","updated":"2025-06-26 16:02:55","seo_analyzer_scan_date":null,"focus_keyword":null,"additional_keywords":null,"truseo_locale":null},"aioseo_breadcrumb":"<div class=\"aioseo-breadcrumbs\"><span class=\"aioseo-breadcrumb\">\n\t\t\t<a href=\"https:\/\/www.wolfgang-barina.de\/bdh\" title=\"Zu Hause\">Zu Hause<\/a>\n\t\t<\/span><span class=\"aioseo-breadcrumb-separator\">&raquo;<\/span><span class=\"aioseo-breadcrumb\">\n\t\t\t<a href=\"https:\/\/www.wolfgang-barina.de\/bdh\/?cat=26\" title=\"Kunstsammlerschoten\">Kunstsammlerschoten<\/a>\n\t\t<\/span><span class=\"aioseo-breadcrumb-separator\">&raquo;<\/span><span class=\"aioseo-breadcrumb\">\n\t\t\tWer hat 1925 das \u201eKleine Zigeunerm\u00e4dchen\u201c gemalt?\n\t\t<\/span><\/div>","aioseo_breadcrumb_json":[{"label":"Zu Hause","link":"https:\/\/www.wolfgang-barina.de\/bdh"},{"label":"Kunstsammlerschoten","link":"https:\/\/www.wolfgang-barina.de\/bdh\/?cat=26"},{"label":"Wer hat 1925 das &#8222;Kleine Zigeunerm\u00e4dchen&#8220; gemalt?","link":"https:\/\/www.wolfgang-barina.de\/bdh\/?p=7698"}],"_links":{"self":[{"href":"https:\/\/www.wolfgang-barina.de\/bdh\/index.php?rest_route=\/wp\/v2\/posts\/7698"}],"collection":[{"href":"https:\/\/www.wolfgang-barina.de\/bdh\/index.php?rest_route=\/wp\/v2\/posts"}],"about":[{"href":"https:\/\/www.wolfgang-barina.de\/bdh\/index.php?rest_route=\/wp\/v2\/types\/post"}],"author":[{"embeddable":true,"href":"https:\/\/www.wolfgang-barina.de\/bdh\/index.php?rest_route=\/wp\/v2\/users\/3"}],"replies":[{"embeddable":true,"href":"https:\/\/www.wolfgang-barina.de\/bdh\/index.php?rest_route=%2Fwp%2Fv2%2Fcomments&post=7698"}],"version-history":[{"count":2,"href":"https:\/\/www.wolfgang-barina.de\/bdh\/index.php?rest_route=\/wp\/v2\/posts\/7698\/revisions"}],"predecessor-version":[{"id":16807,"href":"https:\/\/www.wolfgang-barina.de\/bdh\/index.php?rest_route=\/wp\/v2\/posts\/7698\/revisions\/16807"}],"wp:attachment":[{"href":"https:\/\/www.wolfgang-barina.de\/bdh\/index.php?rest_route=%2Fwp%2Fv2%2Fmedia&parent=7698"}],"wp:term":[{"taxonomy":"category","embeddable":true,"href":"https:\/\/www.wolfgang-barina.de\/bdh\/index.php?rest_route=%2Fwp%2Fv2%2Fcategories&post=7698"},{"taxonomy":"post_tag","embeddable":true,"href":"https:\/\/www.wolfgang-barina.de\/bdh\/index.php?rest_route=%2Fwp%2Fv2%2Ftags&post=7698"}],"curies":[{"name":"wp","href":"https:\/\/api.w.org\/{rel}","templated":true}]}}