{"id":4883,"date":"2014-01-22T19:06:11","date_gmt":"2014-01-22T17:06:11","guid":{"rendered":"http:\/\/www.wolfgang-barina.de\/bdh\/?p=4883"},"modified":"2024-10-16T19:41:21","modified_gmt":"2024-10-16T17:41:21","slug":"verhandlungen-aussetzen","status":"publish","type":"post","link":"https:\/\/www.wolfgang-barina.de\/bdh\/?p=4883","title":{"rendered":"Kein Freihandelsabkommen mit den USA!"},"content":{"rendered":"<h4><strong>22. Januar 2014<\/strong><\/h4>\n<p>Egal von welcher Seite man es betrachtet, die Aussicht auf das von der EU derzeit verhandelte Freihandelsabkommen mit der USA bereitet mir und vielen anderen Mitb\u00fcrgern gro\u00dfes Unbehagen. Hauptbedenken sind Intransparenz und geheime Verhandlungsf\u00fchrung und dass von den Lobbyisten in Br\u00fcssel die Bef\u00fcrchtungen und Interessen der einzelnen B\u00fcrger und der Zivilgesellschaft hinter die Profitinteressen global operierende Konzerne zur\u00fcckgestellt und demokratische Legitimations- und Beteiligungprozesse ausgehebelt werden (Stichworte: Investoren- vor Verbraucher- und Umweltschutz, Fracking, Gentechnik, industrielle Lebensmittel). <\/p>\n<p>Ich schlie\u00dfe mich den Bef\u00fcrchtungen und Forderungen nach mehr Transparenz und Aussetzung der Verhandlungen in Zeiten der NSA- und anderen Skandale an und habe bereits den Appell unter <a href=\"https:\/\/www.campact.de\/ttip\/\">https:\/\/www.campact.de\/ttip\/<\/a> unterzeichnet.<\/p>\n","protected":false},"excerpt":{"rendered":"<p>22. Januar 2014 Egal von welcher Seite man es betrachtet, die Aussicht auf das von der EU derzeit verhandelte Freihandelsabkommen mit der USA bereitet mir und vielen anderen Mitb\u00fcrgern gro\u00dfes Unbehagen. Hauptbedenken sind Intransparenz und <a class=\"more-link\" href=\"https:\/\/www.wolfgang-barina.de\/bdh\/?p=4883\">weiterlesen&#8230;<\/a><\/p>\n","protected":false},"author":3,"featured_media":0,"comment_status":"open","ping_status":"open","sticky":false,"template":"","format":"standard","meta":{"footnotes":""},"categories":[31],"tags":[],"class_list":["post-4883","post","type-post","status-publish","format-standard","hentry","category-tagebuch"],"aioseo_notices":[],"aioseo_head":"\n\t\t<!-- All in One SEO 5.0.0.1 - aioseo.com -->\n\t<meta name=\"description\" content=\"22. Januar 2014 Egal von welcher Seite man es betrachtet, die Aussicht auf das von der EU derzeit verhandelte Freihandelsabkommen mit der USA bereitet mir und vielen anderen Mitb\u00fcrgern gro\u00dfes Unbehagen. Hauptbedenken sind Intransparenz und geheime Verhandlungsf\u00fchrung und dass von den Lobbyisten in Br\u00fcssel die Bef\u00fcrchtungen und Interessen der einzelnen B\u00fcrger und der Zivilgesellschaft hinter\" \/>\n\t<meta name=\"robots\" content=\"max-image-preview:large\" \/>\n\t<meta name=\"author\" content=\"Wolfgang Barina\"\/>\n\t<link rel=\"canonical\" href=\"https:\/\/www.wolfgang-barina.de\/bdh\/?p=4883\" \/>\n\t<meta name=\"generator\" content=\"All in One SEO (AIOSEO) 5.0.0.1\" \/>\n\t\t<meta property=\"og:locale\" content=\"de_DE\" \/>\n\t\t<meta property=\"og:site_name\" content=\"Wolfgang Barina - Frankfurt\" \/>\n\t\t<meta property=\"og:type\" content=\"article\" \/>\n\t\t<meta property=\"og:title\" content=\"Kein Freihandelsabkommen mit den USA! - Wolfgang Barina\" \/>\n\t\t<meta property=\"og:description\" content=\"22. Januar 2014 Egal von welcher Seite man es betrachtet, die Aussicht auf das von der EU derzeit verhandelte Freihandelsabkommen mit der USA bereitet mir und vielen anderen Mitb\u00fcrgern gro\u00dfes Unbehagen. Hauptbedenken sind Intransparenz und geheime Verhandlungsf\u00fchrung und dass von den Lobbyisten in Br\u00fcssel die Bef\u00fcrchtungen und Interessen der einzelnen B\u00fcrger und der Zivilgesellschaft hinter\" \/>\n\t\t<meta property=\"og:url\" content=\"https:\/\/www.wolfgang-barina.de\/bdh\/?p=4883\" \/>\n\t\t<meta property=\"article:published_time\" content=\"2014-01-22T17:06:11+00:00\" \/>\n\t\t<meta property=\"article:modified_time\" content=\"2024-10-16T17:41:21+00:00\" \/>\n\t\t<meta name=\"twitter:card\" content=\"summary_large_image\" \/>\n\t\t<meta name=\"twitter:title\" content=\"Kein Freihandelsabkommen mit den USA! - Wolfgang Barina\" \/>\n\t\t<meta name=\"twitter:description\" content=\"22. Januar 2014 Egal von welcher Seite man es betrachtet, die Aussicht auf das von der EU derzeit verhandelte Freihandelsabkommen mit der USA bereitet mir und vielen anderen Mitb\u00fcrgern gro\u00dfes Unbehagen. Hauptbedenken sind Intransparenz und geheime Verhandlungsf\u00fchrung und dass von den Lobbyisten in Br\u00fcssel die Bef\u00fcrchtungen und Interessen der einzelnen B\u00fcrger und der Zivilgesellschaft hinter\" \/>\n\t\t<script type=\"application\/ld+json\" class=\"aioseo-schema\">\n\t\t\t{\"@context\":\"https:\\\/\\\/schema.org\",\"@graph\":[{\"@type\":\"BlogPosting\",\"@id\":\"https:\\\/\\\/www.wolfgang-barina.de\\\/bdh\\\/?p=4883#blogposting\",\"name\":\"Kein Freihandelsabkommen mit den USA! - Wolfgang Barina\",\"headline\":\"Kein Freihandelsabkommen mit den USA!\",\"author\":{\"@id\":\"https:\\\/\\\/www.wolfgang-barina.de\\\/bdh\\\/?author=3#author\"},\"publisher\":{\"@id\":\"https:\\\/\\\/www.wolfgang-barina.de\\\/bdh\\\/#person\"},\"datePublished\":\"2014-01-22T19:06:11+02:00\",\"dateModified\":\"2024-10-16T19:41:21+02:00\",\"inLanguage\":\"de-DE\",\"mainEntityOfPage\":{\"@id\":\"https:\\\/\\\/www.wolfgang-barina.de\\\/bdh\\\/?p=4883#webpage\"},\"isPartOf\":{\"@id\":\"https:\\\/\\\/www.wolfgang-barina.de\\\/bdh\\\/?p=4883#webpage\"},\"articleSection\":\"Tagebuch\"},{\"@type\":\"BreadcrumbList\",\"@id\":\"https:\\\/\\\/www.wolfgang-barina.de\\\/bdh\\\/?p=4883#breadcrumblist\",\"itemListElement\":[{\"@type\":\"ListItem\",\"@id\":\"https:\\\/\\\/www.wolfgang-barina.de\\\/bdh#listItem\",\"position\":1,\"name\":\"Zu Hause\",\"item\":\"https:\\\/\\\/www.wolfgang-barina.de\\\/bdh\",\"nextItem\":{\"@type\":\"ListItem\",\"@id\":\"https:\\\/\\\/www.wolfgang-barina.de\\\/bdh\\\/?cat=31#listItem\",\"name\":\"Tagebuch\"}},{\"@type\":\"ListItem\",\"@id\":\"https:\\\/\\\/www.wolfgang-barina.de\\\/bdh\\\/?cat=31#listItem\",\"position\":2,\"name\":\"Tagebuch\",\"item\":\"https:\\\/\\\/www.wolfgang-barina.de\\\/bdh\\\/?cat=31\",\"nextItem\":{\"@type\":\"ListItem\",\"@id\":\"https:\\\/\\\/www.wolfgang-barina.de\\\/bdh\\\/?p=4883#listItem\",\"name\":\"Kein Freihandelsabkommen mit den USA!\"},\"previousItem\":{\"@type\":\"ListItem\",\"@id\":\"https:\\\/\\\/www.wolfgang-barina.de\\\/bdh#listItem\",\"name\":\"Zu Hause\"}},{\"@type\":\"ListItem\",\"@id\":\"https:\\\/\\\/www.wolfgang-barina.de\\\/bdh\\\/?p=4883#listItem\",\"position\":3,\"name\":\"Kein Freihandelsabkommen mit den USA!\",\"previousItem\":{\"@type\":\"ListItem\",\"@id\":\"https:\\\/\\\/www.wolfgang-barina.de\\\/bdh\\\/?cat=31#listItem\",\"name\":\"Tagebuch\"}}]},{\"@type\":\"Person\",\"@id\":\"https:\\\/\\\/www.wolfgang-barina.de\\\/bdh\\\/#person\",\"name\":\"Wolfgang Barina\"},{\"@type\":\"Person\",\"@id\":\"https:\\\/\\\/www.wolfgang-barina.de\\\/bdh\\\/?author=3#author\",\"url\":\"https:\\\/\\\/www.wolfgang-barina.de\\\/bdh\\\/?author=3\",\"name\":\"Wolfgang Barina\"},{\"@type\":\"WebPage\",\"@id\":\"https:\\\/\\\/www.wolfgang-barina.de\\\/bdh\\\/?p=4883#webpage\",\"url\":\"https:\\\/\\\/www.wolfgang-barina.de\\\/bdh\\\/?p=4883\",\"name\":\"Kein Freihandelsabkommen mit den USA! - Wolfgang Barina\",\"description\":\"22. Januar 2014 Egal von welcher Seite man es betrachtet, die Aussicht auf das von der EU derzeit verhandelte Freihandelsabkommen mit der USA bereitet mir und vielen anderen Mitb\\u00fcrgern gro\\u00dfes Unbehagen. Hauptbedenken sind Intransparenz und geheime Verhandlungsf\\u00fchrung und dass von den Lobbyisten in Br\\u00fcssel die Bef\\u00fcrchtungen und Interessen der einzelnen B\\u00fcrger und der Zivilgesellschaft hinter\",\"inLanguage\":\"de-DE\",\"isPartOf\":{\"@id\":\"https:\\\/\\\/www.wolfgang-barina.de\\\/bdh\\\/#website\"},\"breadcrumb\":{\"@id\":\"https:\\\/\\\/www.wolfgang-barina.de\\\/bdh\\\/?p=4883#breadcrumblist\"},\"author\":{\"@id\":\"https:\\\/\\\/www.wolfgang-barina.de\\\/bdh\\\/?author=3#author\"},\"creator\":{\"@id\":\"https:\\\/\\\/www.wolfgang-barina.de\\\/bdh\\\/?author=3#author\"},\"datePublished\":\"2014-01-22T19:06:11+02:00\",\"dateModified\":\"2024-10-16T19:41:21+02:00\"},{\"@type\":\"WebSite\",\"@id\":\"https:\\\/\\\/www.wolfgang-barina.de\\\/bdh\\\/#website\",\"url\":\"https:\\\/\\\/www.wolfgang-barina.de\\\/bdh\\\/\",\"name\":\"Wolfgang Barina\",\"description\":\"Frankfurt\",\"inLanguage\":\"de-DE\",\"publisher\":{\"@id\":\"https:\\\/\\\/www.wolfgang-barina.de\\\/bdh\\\/#person\"}}]}\n\t\t<\/script>\n\t\t<!-- All in One SEO -->\n\n","aioseo_head_json":{"title":"Kein Freihandelsabkommen mit den USA! - Wolfgang Barina","description":"22. Januar 2014 Egal von welcher Seite man es betrachtet, die Aussicht auf das von der EU derzeit verhandelte Freihandelsabkommen mit der USA bereitet mir und vielen anderen Mitb\u00fcrgern gro\u00dfes Unbehagen. Hauptbedenken sind Intransparenz und geheime Verhandlungsf\u00fchrung und dass von den Lobbyisten in Br\u00fcssel die Bef\u00fcrchtungen und Interessen der einzelnen B\u00fcrger und der Zivilgesellschaft hinter","canonical_url":"https:\/\/www.wolfgang-barina.de\/bdh\/?p=4883","robots":"max-image-preview:large","keywords":"","webmasterTools":{"miscellaneous":""},"schema":{"@context":"https:\/\/schema.org","@graph":[{"@type":"BlogPosting","@id":"https:\/\/www.wolfgang-barina.de\/bdh\/?p=4883#blogposting","name":"Kein Freihandelsabkommen mit den USA! - Wolfgang Barina","headline":"Kein Freihandelsabkommen mit den USA!","author":{"@id":"https:\/\/www.wolfgang-barina.de\/bdh\/?author=3#author"},"publisher":{"@id":"https:\/\/www.wolfgang-barina.de\/bdh\/#person"},"datePublished":"2014-01-22T19:06:11+02:00","dateModified":"2024-10-16T19:41:21+02:00","inLanguage":"de-DE","mainEntityOfPage":{"@id":"https:\/\/www.wolfgang-barina.de\/bdh\/?p=4883#webpage"},"isPartOf":{"@id":"https:\/\/www.wolfgang-barina.de\/bdh\/?p=4883#webpage"},"articleSection":"Tagebuch"},{"@type":"BreadcrumbList","@id":"https:\/\/www.wolfgang-barina.de\/bdh\/?p=4883#breadcrumblist","itemListElement":[{"@type":"ListItem","@id":"https:\/\/www.wolfgang-barina.de\/bdh#listItem","position":1,"name":"Zu Hause","item":"https:\/\/www.wolfgang-barina.de\/bdh","nextItem":{"@type":"ListItem","@id":"https:\/\/www.wolfgang-barina.de\/bdh\/?cat=31#listItem","name":"Tagebuch"}},{"@type":"ListItem","@id":"https:\/\/www.wolfgang-barina.de\/bdh\/?cat=31#listItem","position":2,"name":"Tagebuch","item":"https:\/\/www.wolfgang-barina.de\/bdh\/?cat=31","nextItem":{"@type":"ListItem","@id":"https:\/\/www.wolfgang-barina.de\/bdh\/?p=4883#listItem","name":"Kein Freihandelsabkommen mit den USA!"},"previousItem":{"@type":"ListItem","@id":"https:\/\/www.wolfgang-barina.de\/bdh#listItem","name":"Zu Hause"}},{"@type":"ListItem","@id":"https:\/\/www.wolfgang-barina.de\/bdh\/?p=4883#listItem","position":3,"name":"Kein Freihandelsabkommen mit den USA!","previousItem":{"@type":"ListItem","@id":"https:\/\/www.wolfgang-barina.de\/bdh\/?cat=31#listItem","name":"Tagebuch"}}]},{"@type":"Person","@id":"https:\/\/www.wolfgang-barina.de\/bdh\/#person","name":"Wolfgang Barina"},{"@type":"Person","@id":"https:\/\/www.wolfgang-barina.de\/bdh\/?author=3#author","url":"https:\/\/www.wolfgang-barina.de\/bdh\/?author=3","name":"Wolfgang Barina"},{"@type":"WebPage","@id":"https:\/\/www.wolfgang-barina.de\/bdh\/?p=4883#webpage","url":"https:\/\/www.wolfgang-barina.de\/bdh\/?p=4883","name":"Kein Freihandelsabkommen mit den USA! - Wolfgang Barina","description":"22. Januar 2014 Egal von welcher Seite man es betrachtet, die Aussicht auf das von der EU derzeit verhandelte Freihandelsabkommen mit der USA bereitet mir und vielen anderen Mitb\u00fcrgern gro\u00dfes Unbehagen. Hauptbedenken sind Intransparenz und geheime Verhandlungsf\u00fchrung und dass von den Lobbyisten in Br\u00fcssel die Bef\u00fcrchtungen und Interessen der einzelnen B\u00fcrger und der Zivilgesellschaft hinter","inLanguage":"de-DE","isPartOf":{"@id":"https:\/\/www.wolfgang-barina.de\/bdh\/#website"},"breadcrumb":{"@id":"https:\/\/www.wolfgang-barina.de\/bdh\/?p=4883#breadcrumblist"},"author":{"@id":"https:\/\/www.wolfgang-barina.de\/bdh\/?author=3#author"},"creator":{"@id":"https:\/\/www.wolfgang-barina.de\/bdh\/?author=3#author"},"datePublished":"2014-01-22T19:06:11+02:00","dateModified":"2024-10-16T19:41:21+02:00"},{"@type":"WebSite","@id":"https:\/\/www.wolfgang-barina.de\/bdh\/#website","url":"https:\/\/www.wolfgang-barina.de\/bdh\/","name":"Wolfgang Barina","description":"Frankfurt","inLanguage":"de-DE","publisher":{"@id":"https:\/\/www.wolfgang-barina.de\/bdh\/#person"}}]},"og:locale":"de_DE","og:site_name":"Wolfgang Barina - Frankfurt","og:type":"article","og:title":"Kein Freihandelsabkommen mit den USA! - Wolfgang Barina","og:description":"22. Januar 2014 Egal von welcher Seite man es betrachtet, die Aussicht auf das von der EU derzeit verhandelte Freihandelsabkommen mit der USA bereitet mir und vielen anderen Mitb\u00fcrgern gro\u00dfes Unbehagen. Hauptbedenken sind Intransparenz und geheime Verhandlungsf\u00fchrung und dass von den Lobbyisten in Br\u00fcssel die Bef\u00fcrchtungen und Interessen der einzelnen B\u00fcrger und der Zivilgesellschaft hinter","og:url":"https:\/\/www.wolfgang-barina.de\/bdh\/?p=4883","article:published_time":"2014-01-22T17:06:11+00:00","article:modified_time":"2024-10-16T17:41:21+00:00","twitter:card":"summary_large_image","twitter:title":"Kein Freihandelsabkommen mit den USA! - Wolfgang Barina","twitter:description":"22. Januar 2014 Egal von welcher Seite man es betrachtet, die Aussicht auf das von der EU derzeit verhandelte Freihandelsabkommen mit der USA bereitet mir und vielen anderen Mitb\u00fcrgern gro\u00dfes Unbehagen. Hauptbedenken sind Intransparenz und geheime Verhandlungsf\u00fchrung und dass von den Lobbyisten in Br\u00fcssel die Bef\u00fcrchtungen und Interessen der einzelnen B\u00fcrger und der Zivilgesellschaft hinter"},"aioseo_meta_data":{"post_id":"4883","title":null,"description":null,"keywords":null,"keyphrases":null,"primary_term":null,"canonical_url":null,"og_title":null,"og_description":null,"og_object_type":"default","og_image_type":"default","og_image_url":null,"og_image_width":null,"og_image_height":null,"og_image_custom_url":null,"og_image_custom_fields":null,"og_video":null,"og_custom_url":null,"og_article_section":null,"og_article_tags":null,"twitter_use_og":false,"twitter_card":"default","twitter_image_type":"default","twitter_image_url":null,"twitter_image_custom_url":null,"twitter_image_custom_fields":null,"twitter_title":null,"twitter_description":null,"schema":{"blockGraphs":[],"customGraphs":[],"default":{"data":{"Article":[],"Course":[],"Dataset":[],"FAQPage":[],"Movie":[],"Person":[],"Product":[],"ProductReview":[],"Car":[],"Recipe":[],"Service":[],"SoftwareApplication":[],"WebPage":[]},"graphName":"","isEnabled":true},"graphs":[]},"schema_type":"default","schema_type_options":null,"pillar_content":false,"robots_default":true,"robots_noindex":false,"robots_noarchive":false,"robots_nosnippet":false,"robots_nofollow":false,"robots_noimageindex":false,"robots_noodp":false,"robots_notranslate":false,"robots_max_snippet":null,"robots_max_videopreview":null,"robots_max_imagepreview":"large","priority":null,"frequency":null,"local_seo":null,"breadcrumb_settings":null,"limit_modified_date":false,"ai":null,"created":"2024-11-06 10:31:41","updated":"2025-06-26 16:02:55","seo_analyzer_scan_date":null,"focus_keyword":null,"additional_keywords":null,"truseo_locale":null},"aioseo_breadcrumb":"<div class=\"aioseo-breadcrumbs\"><span class=\"aioseo-breadcrumb\">\n\t\t\t<a href=\"https:\/\/www.wolfgang-barina.de\/bdh\" title=\"Zu Hause\">Zu Hause<\/a>\n\t\t<\/span><span class=\"aioseo-breadcrumb-separator\">&raquo;<\/span><span class=\"aioseo-breadcrumb\">\n\t\t\t<a href=\"https:\/\/www.wolfgang-barina.de\/bdh\/?cat=31\" title=\"Tagebuch\">Tagebuch<\/a>\n\t\t<\/span><span class=\"aioseo-breadcrumb-separator\">&raquo;<\/span><span class=\"aioseo-breadcrumb\">\n\t\t\tKein Freihandelsabkommen mit den USA!\n\t\t<\/span><\/div>","aioseo_breadcrumb_json":[{"label":"Zu Hause","link":"https:\/\/www.wolfgang-barina.de\/bdh"},{"label":"Tagebuch","link":"https:\/\/www.wolfgang-barina.de\/bdh\/?cat=31"},{"label":"Kein Freihandelsabkommen mit den USA!","link":"https:\/\/www.wolfgang-barina.de\/bdh\/?p=4883"}],"_links":{"self":[{"href":"https:\/\/www.wolfgang-barina.de\/bdh\/index.php?rest_route=\/wp\/v2\/posts\/4883"}],"collection":[{"href":"https:\/\/www.wolfgang-barina.de\/bdh\/index.php?rest_route=\/wp\/v2\/posts"}],"about":[{"href":"https:\/\/www.wolfgang-barina.de\/bdh\/index.php?rest_route=\/wp\/v2\/types\/post"}],"author":[{"embeddable":true,"href":"https:\/\/www.wolfgang-barina.de\/bdh\/index.php?rest_route=\/wp\/v2\/users\/3"}],"replies":[{"embeddable":true,"href":"https:\/\/www.wolfgang-barina.de\/bdh\/index.php?rest_route=%2Fwp%2Fv2%2Fcomments&post=4883"}],"version-history":[{"count":3,"href":"https:\/\/www.wolfgang-barina.de\/bdh\/index.php?rest_route=\/wp\/v2\/posts\/4883\/revisions"}],"predecessor-version":[{"id":16599,"href":"https:\/\/www.wolfgang-barina.de\/bdh\/index.php?rest_route=\/wp\/v2\/posts\/4883\/revisions\/16599"}],"wp:attachment":[{"href":"https:\/\/www.wolfgang-barina.de\/bdh\/index.php?rest_route=%2Fwp%2Fv2%2Fmedia&parent=4883"}],"wp:term":[{"taxonomy":"category","embeddable":true,"href":"https:\/\/www.wolfgang-barina.de\/bdh\/index.php?rest_route=%2Fwp%2Fv2%2Fcategories&post=4883"},{"taxonomy":"post_tag","embeddable":true,"href":"https:\/\/www.wolfgang-barina.de\/bdh\/index.php?rest_route=%2Fwp%2Fv2%2Ftags&post=4883"}],"curies":[{"name":"wp","href":"https:\/\/api.w.org\/{rel}","templated":true}]}}