{"id":19460,"date":"2026-04-05T08:56:25","date_gmt":"2026-04-05T06:56:25","guid":{"rendered":"https:\/\/www.wolfgang-barina.de\/bdh\/?p=19460"},"modified":"2026-04-05T08:57:19","modified_gmt":"2026-04-05T06:57:19","slug":"19460","status":"publish","type":"post","link":"https:\/\/www.wolfgang-barina.de\/bdh\/?p=19460","title":{"rendered":"Anna B\u00e4hker: Im Hafen"},"content":{"rendered":"<header><strong>ANNA B\u00c4HKER<br \/>\n<\/strong>(aktiv 1. H\u00e4lfte 20. Jahrhundert)<\/header>\n<header>\u201eIm Hafen\u201c<\/header>\n<div class=\"entry-content\">\n<p>Farbholzschnitt, ca. 25,5 x 34 cm<\/p>\n<p>Neuerwerbung M\u00e4rz 2026<\/p>\n<p><a href=\"https:\/\/www.wolfgang-barina.de\/wordpress\/wp-content\/uploads\/2026\/04\/Baehker-FHS-Im-Hafen-1000.jpg\"><img decoding=\"async\" class=\"alignnone size-full wp-image-19461\" src=\"https:\/\/www.wolfgang-barina.de\/wordpress\/wp-content\/uploads\/2026\/04\/Baehker-FHS-Im-Hafen-1000.jpg\" alt=\"\" width=\"1000\" height=\"768\" srcset=\"https:\/\/www.wolfgang-barina.de\/wordpress\/wp-content\/uploads\/2026\/04\/Baehker-FHS-Im-Hafen-1000.jpg 1000w, https:\/\/www.wolfgang-barina.de\/wordpress\/wp-content\/uploads\/2026\/04\/Baehker-FHS-Im-Hafen-1000-300x230.jpg 300w, https:\/\/www.wolfgang-barina.de\/wordpress\/wp-content\/uploads\/2026\/04\/Baehker-FHS-Im-Hafen-1000-768x590.jpg 768w\" sizes=\"(max-width: 1000px) 100vw, 1000px\" \/><\/a><\/p>\n<\/div>\n","protected":false},"excerpt":{"rendered":"<p>ANNA B\u00c4HKER (aktiv 1. H\u00e4lfte 20. Jahrhundert) \u201eIm Hafen\u201c Farbholzschnitt, ca. 25,5 x 34 cm Neuerwerbung M\u00e4rz 2026<\/p>\n","protected":false},"author":3,"featured_media":0,"comment_status":"closed","ping_status":"open","sticky":false,"template":"","format":"standard","meta":{"footnotes":""},"categories":[23],"tags":[37,130],"class_list":["post-19460","post","type-post","status-publish","format-standard","hentry","category-vorgestellt","tag-farbholzschnitt","tag-anna-baehker"],"aioseo_notices":[],"aioseo_head":"\n\t\t<!-- All in One SEO 5.0.0.1 - aioseo.com -->\n\t<meta name=\"description\" content=\"ANNA B\u00c4HKER (aktiv 1. H\u00e4lfte 20. Jahrhundert)\u201eIm Hafen\u201c Farbholzschnitt, ca. 25,5 x 34 cm Neuerwerbung M\u00e4rz 2026\" \/>\n\t<meta name=\"robots\" content=\"max-image-preview:large\" \/>\n\t<meta name=\"author\" content=\"Wolfgang Barina\"\/>\n\t<link rel=\"canonical\" href=\"https:\/\/www.wolfgang-barina.de\/bdh\/?p=19460\" \/>\n\t<meta name=\"generator\" content=\"All in One SEO (AIOSEO) 5.0.0.1\" \/>\n\t\t<meta property=\"og:locale\" content=\"de_DE\" \/>\n\t\t<meta property=\"og:site_name\" content=\"Wolfgang Barina - Frankfurt\" \/>\n\t\t<meta property=\"og:type\" content=\"article\" \/>\n\t\t<meta property=\"og:title\" content=\"Anna B\u00e4hker: Im Hafen - Wolfgang Barina\" \/>\n\t\t<meta property=\"og:description\" content=\"ANNA B\u00c4HKER (aktiv 1. H\u00e4lfte 20. Jahrhundert)\u201eIm Hafen\u201c Farbholzschnitt, ca. 25,5 x 34 cm Neuerwerbung M\u00e4rz 2026\" \/>\n\t\t<meta property=\"og:url\" content=\"https:\/\/www.wolfgang-barina.de\/bdh\/?p=19460\" \/>\n\t\t<meta property=\"article:published_time\" content=\"2026-04-05T06:56:25+00:00\" \/>\n\t\t<meta property=\"article:modified_time\" content=\"2026-04-05T06:57:19+00:00\" \/>\n\t\t<meta name=\"twitter:card\" content=\"summary_large_image\" \/>\n\t\t<meta name=\"twitter:title\" content=\"Anna B\u00e4hker: Im Hafen - Wolfgang Barina\" \/>\n\t\t<meta name=\"twitter:description\" content=\"ANNA B\u00c4HKER (aktiv 1. H\u00e4lfte 20. Jahrhundert)\u201eIm Hafen\u201c Farbholzschnitt, ca. 25,5 x 34 cm Neuerwerbung M\u00e4rz 2026\" \/>\n\t\t<script type=\"application\/ld+json\" class=\"aioseo-schema\">\n\t\t\t{\"@context\":\"https:\\\/\\\/schema.org\",\"@graph\":[{\"@type\":\"BlogPosting\",\"@id\":\"https:\\\/\\\/www.wolfgang-barina.de\\\/bdh\\\/?p=19460#blogposting\",\"name\":\"Anna B\\u00e4hker: Im Hafen - Wolfgang Barina\",\"headline\":\"Anna B\\u00e4hker: Im Hafen\",\"author\":{\"@id\":\"https:\\\/\\\/www.wolfgang-barina.de\\\/bdh\\\/?author=3#author\"},\"publisher\":{\"@id\":\"https:\\\/\\\/www.wolfgang-barina.de\\\/bdh\\\/#person\"},\"image\":{\"@type\":\"ImageObject\",\"url\":\"https:\\\/\\\/www.wolfgang-barina.de\\\/wordpress\\\/wp-content\\\/uploads\\\/2026\\\/04\\\/Baehker-FHS-Im-Hafen-1000.jpg\",\"@id\":\"https:\\\/\\\/www.wolfgang-barina.de\\\/bdh\\\/?p=19460\\\/#articleImage\",\"width\":1000,\"height\":768},\"datePublished\":\"2026-04-05T08:56:25+02:00\",\"dateModified\":\"2026-04-05T08:57:19+02:00\",\"inLanguage\":\"de-DE\",\"mainEntityOfPage\":{\"@id\":\"https:\\\/\\\/www.wolfgang-barina.de\\\/bdh\\\/?p=19460#webpage\"},\"isPartOf\":{\"@id\":\"https:\\\/\\\/www.wolfgang-barina.de\\\/bdh\\\/?p=19460#webpage\"},\"articleSection\":\"Neuerwerbungen Sammlung Barina, Farbholzschnitt, Anna B\\u00e4hker\"},{\"@type\":\"BreadcrumbList\",\"@id\":\"https:\\\/\\\/www.wolfgang-barina.de\\\/bdh\\\/?p=19460#breadcrumblist\",\"itemListElement\":[{\"@type\":\"ListItem\",\"@id\":\"https:\\\/\\\/www.wolfgang-barina.de\\\/bdh#listItem\",\"position\":1,\"name\":\"Zu Hause\",\"item\":\"https:\\\/\\\/www.wolfgang-barina.de\\\/bdh\",\"nextItem\":{\"@type\":\"ListItem\",\"@id\":\"https:\\\/\\\/www.wolfgang-barina.de\\\/bdh\\\/?cat=23#listItem\",\"name\":\"Neuerwerbungen Sammlung Barina\"}},{\"@type\":\"ListItem\",\"@id\":\"https:\\\/\\\/www.wolfgang-barina.de\\\/bdh\\\/?cat=23#listItem\",\"position\":2,\"name\":\"Neuerwerbungen Sammlung Barina\",\"item\":\"https:\\\/\\\/www.wolfgang-barina.de\\\/bdh\\\/?cat=23\",\"nextItem\":{\"@type\":\"ListItem\",\"@id\":\"https:\\\/\\\/www.wolfgang-barina.de\\\/bdh\\\/?p=19460#listItem\",\"name\":\"Anna B\\u00e4hker: Im Hafen\"},\"previousItem\":{\"@type\":\"ListItem\",\"@id\":\"https:\\\/\\\/www.wolfgang-barina.de\\\/bdh#listItem\",\"name\":\"Zu Hause\"}},{\"@type\":\"ListItem\",\"@id\":\"https:\\\/\\\/www.wolfgang-barina.de\\\/bdh\\\/?p=19460#listItem\",\"position\":3,\"name\":\"Anna B\\u00e4hker: Im Hafen\",\"previousItem\":{\"@type\":\"ListItem\",\"@id\":\"https:\\\/\\\/www.wolfgang-barina.de\\\/bdh\\\/?cat=23#listItem\",\"name\":\"Neuerwerbungen Sammlung Barina\"}}]},{\"@type\":\"Person\",\"@id\":\"https:\\\/\\\/www.wolfgang-barina.de\\\/bdh\\\/#person\",\"name\":\"Wolfgang Barina\"},{\"@type\":\"Person\",\"@id\":\"https:\\\/\\\/www.wolfgang-barina.de\\\/bdh\\\/?author=3#author\",\"url\":\"https:\\\/\\\/www.wolfgang-barina.de\\\/bdh\\\/?author=3\",\"name\":\"Wolfgang Barina\"},{\"@type\":\"WebPage\",\"@id\":\"https:\\\/\\\/www.wolfgang-barina.de\\\/bdh\\\/?p=19460#webpage\",\"url\":\"https:\\\/\\\/www.wolfgang-barina.de\\\/bdh\\\/?p=19460\",\"name\":\"Anna B\\u00e4hker: Im Hafen - Wolfgang Barina\",\"description\":\"ANNA B\\u00c4HKER (aktiv 1. H\\u00e4lfte 20. Jahrhundert)\\u201eIm Hafen\\u201c Farbholzschnitt, ca. 25,5 x 34 cm Neuerwerbung M\\u00e4rz 2026\",\"inLanguage\":\"de-DE\",\"isPartOf\":{\"@id\":\"https:\\\/\\\/www.wolfgang-barina.de\\\/bdh\\\/#website\"},\"breadcrumb\":{\"@id\":\"https:\\\/\\\/www.wolfgang-barina.de\\\/bdh\\\/?p=19460#breadcrumblist\"},\"author\":{\"@id\":\"https:\\\/\\\/www.wolfgang-barina.de\\\/bdh\\\/?author=3#author\"},\"creator\":{\"@id\":\"https:\\\/\\\/www.wolfgang-barina.de\\\/bdh\\\/?author=3#author\"},\"datePublished\":\"2026-04-05T08:56:25+02:00\",\"dateModified\":\"2026-04-05T08:57:19+02:00\"},{\"@type\":\"WebSite\",\"@id\":\"https:\\\/\\\/www.wolfgang-barina.de\\\/bdh\\\/#website\",\"url\":\"https:\\\/\\\/www.wolfgang-barina.de\\\/bdh\\\/\",\"name\":\"Wolfgang Barina\",\"description\":\"Frankfurt\",\"inLanguage\":\"de-DE\",\"publisher\":{\"@id\":\"https:\\\/\\\/www.wolfgang-barina.de\\\/bdh\\\/#person\"}}]}\n\t\t<\/script>\n\t\t<!-- All in One SEO -->\n\n","aioseo_head_json":{"title":"Anna B\u00e4hker: Im Hafen - Wolfgang Barina","description":"ANNA B\u00c4HKER (aktiv 1. H\u00e4lfte 20. Jahrhundert)\u201eIm Hafen\u201c Farbholzschnitt, ca. 25,5 x 34 cm Neuerwerbung M\u00e4rz 2026","canonical_url":"https:\/\/www.wolfgang-barina.de\/bdh\/?p=19460","robots":"max-image-preview:large","keywords":"","webmasterTools":{"miscellaneous":""},"schema":{"@context":"https:\/\/schema.org","@graph":[{"@type":"BlogPosting","@id":"https:\/\/www.wolfgang-barina.de\/bdh\/?p=19460#blogposting","name":"Anna B\u00e4hker: Im Hafen - Wolfgang Barina","headline":"Anna B\u00e4hker: Im Hafen","author":{"@id":"https:\/\/www.wolfgang-barina.de\/bdh\/?author=3#author"},"publisher":{"@id":"https:\/\/www.wolfgang-barina.de\/bdh\/#person"},"image":{"@type":"ImageObject","url":"https:\/\/www.wolfgang-barina.de\/wordpress\/wp-content\/uploads\/2026\/04\/Baehker-FHS-Im-Hafen-1000.jpg","@id":"https:\/\/www.wolfgang-barina.de\/bdh\/?p=19460\/#articleImage","width":1000,"height":768},"datePublished":"2026-04-05T08:56:25+02:00","dateModified":"2026-04-05T08:57:19+02:00","inLanguage":"de-DE","mainEntityOfPage":{"@id":"https:\/\/www.wolfgang-barina.de\/bdh\/?p=19460#webpage"},"isPartOf":{"@id":"https:\/\/www.wolfgang-barina.de\/bdh\/?p=19460#webpage"},"articleSection":"Neuerwerbungen Sammlung Barina, Farbholzschnitt, Anna B\u00e4hker"},{"@type":"BreadcrumbList","@id":"https:\/\/www.wolfgang-barina.de\/bdh\/?p=19460#breadcrumblist","itemListElement":[{"@type":"ListItem","@id":"https:\/\/www.wolfgang-barina.de\/bdh#listItem","position":1,"name":"Zu Hause","item":"https:\/\/www.wolfgang-barina.de\/bdh","nextItem":{"@type":"ListItem","@id":"https:\/\/www.wolfgang-barina.de\/bdh\/?cat=23#listItem","name":"Neuerwerbungen Sammlung Barina"}},{"@type":"ListItem","@id":"https:\/\/www.wolfgang-barina.de\/bdh\/?cat=23#listItem","position":2,"name":"Neuerwerbungen Sammlung Barina","item":"https:\/\/www.wolfgang-barina.de\/bdh\/?cat=23","nextItem":{"@type":"ListItem","@id":"https:\/\/www.wolfgang-barina.de\/bdh\/?p=19460#listItem","name":"Anna B\u00e4hker: Im Hafen"},"previousItem":{"@type":"ListItem","@id":"https:\/\/www.wolfgang-barina.de\/bdh#listItem","name":"Zu Hause"}},{"@type":"ListItem","@id":"https:\/\/www.wolfgang-barina.de\/bdh\/?p=19460#listItem","position":3,"name":"Anna B\u00e4hker: Im Hafen","previousItem":{"@type":"ListItem","@id":"https:\/\/www.wolfgang-barina.de\/bdh\/?cat=23#listItem","name":"Neuerwerbungen Sammlung Barina"}}]},{"@type":"Person","@id":"https:\/\/www.wolfgang-barina.de\/bdh\/#person","name":"Wolfgang Barina"},{"@type":"Person","@id":"https:\/\/www.wolfgang-barina.de\/bdh\/?author=3#author","url":"https:\/\/www.wolfgang-barina.de\/bdh\/?author=3","name":"Wolfgang Barina"},{"@type":"WebPage","@id":"https:\/\/www.wolfgang-barina.de\/bdh\/?p=19460#webpage","url":"https:\/\/www.wolfgang-barina.de\/bdh\/?p=19460","name":"Anna B\u00e4hker: Im Hafen - Wolfgang Barina","description":"ANNA B\u00c4HKER (aktiv 1. H\u00e4lfte 20. Jahrhundert)\u201eIm Hafen\u201c Farbholzschnitt, ca. 25,5 x 34 cm Neuerwerbung M\u00e4rz 2026","inLanguage":"de-DE","isPartOf":{"@id":"https:\/\/www.wolfgang-barina.de\/bdh\/#website"},"breadcrumb":{"@id":"https:\/\/www.wolfgang-barina.de\/bdh\/?p=19460#breadcrumblist"},"author":{"@id":"https:\/\/www.wolfgang-barina.de\/bdh\/?author=3#author"},"creator":{"@id":"https:\/\/www.wolfgang-barina.de\/bdh\/?author=3#author"},"datePublished":"2026-04-05T08:56:25+02:00","dateModified":"2026-04-05T08:57:19+02:00"},{"@type":"WebSite","@id":"https:\/\/www.wolfgang-barina.de\/bdh\/#website","url":"https:\/\/www.wolfgang-barina.de\/bdh\/","name":"Wolfgang Barina","description":"Frankfurt","inLanguage":"de-DE","publisher":{"@id":"https:\/\/www.wolfgang-barina.de\/bdh\/#person"}}]},"og:locale":"de_DE","og:site_name":"Wolfgang Barina - Frankfurt","og:type":"article","og:title":"Anna B\u00e4hker: Im Hafen - Wolfgang Barina","og:description":"ANNA B\u00c4HKER (aktiv 1. H\u00e4lfte 20. Jahrhundert)\u201eIm Hafen\u201c Farbholzschnitt, ca. 25,5 x 34 cm Neuerwerbung M\u00e4rz 2026","og:url":"https:\/\/www.wolfgang-barina.de\/bdh\/?p=19460","article:published_time":"2026-04-05T06:56:25+00:00","article:modified_time":"2026-04-05T06:57:19+00:00","twitter:card":"summary_large_image","twitter:title":"Anna B\u00e4hker: Im Hafen - Wolfgang Barina","twitter:description":"ANNA B\u00c4HKER (aktiv 1. H\u00e4lfte 20. Jahrhundert)\u201eIm Hafen\u201c Farbholzschnitt, ca. 25,5 x 34 cm Neuerwerbung M\u00e4rz 2026"},"aioseo_meta_data":{"post_id":"19460","title":null,"description":null,"keywords":null,"keyphrases":{"focus":{"keyphrase":"","score":0,"analysis":{"keyphraseInTitle":{"score":0,"maxScore":9,"error":1}}},"additional":[]},"primary_term":null,"canonical_url":null,"og_title":null,"og_description":null,"og_object_type":"default","og_image_type":"default","og_image_url":null,"og_image_width":null,"og_image_height":null,"og_image_custom_url":null,"og_image_custom_fields":null,"og_video":"","og_custom_url":null,"og_article_section":null,"og_article_tags":null,"twitter_use_og":false,"twitter_card":"default","twitter_image_type":"default","twitter_image_url":null,"twitter_image_custom_url":null,"twitter_image_custom_fields":null,"twitter_title":null,"twitter_description":null,"schema":{"blockGraphs":[],"customGraphs":[],"default":{"data":{"Article":[],"Course":[],"Dataset":[],"FAQPage":[],"Movie":[],"Person":[],"Product":[],"ProductReview":[],"Car":[],"Recipe":[],"Service":[],"SoftwareApplication":[],"WebPage":[]},"graphName":"BlogPosting","isEnabled":true},"graphs":[]},"schema_type":"default","schema_type_options":null,"pillar_content":false,"robots_default":true,"robots_noindex":false,"robots_noarchive":false,"robots_nosnippet":false,"robots_nofollow":false,"robots_noimageindex":false,"robots_noodp":false,"robots_notranslate":false,"robots_max_snippet":"-1","robots_max_videopreview":"-1","robots_max_imagepreview":"large","priority":null,"frequency":"default","local_seo":null,"breadcrumb_settings":null,"limit_modified_date":false,"ai":{"faqs":[],"keyPoints":[],"titles":[],"descriptions":[],"socialPosts":{"email":[],"linkedin":[],"twitter":[],"facebook":[],"instagram":[]}},"created":"2026-04-05 06:56:25","updated":"2026-04-05 07:01:45","seo_analyzer_scan_date":null,"focus_keyword":null,"additional_keywords":null,"truseo_locale":null},"aioseo_breadcrumb":"<div class=\"aioseo-breadcrumbs\"><span class=\"aioseo-breadcrumb\">\n\t\t\t<a href=\"https:\/\/www.wolfgang-barina.de\/bdh\" title=\"Zu Hause\">Zu Hause<\/a>\n\t\t<\/span><span class=\"aioseo-breadcrumb-separator\">&raquo;<\/span><span class=\"aioseo-breadcrumb\">\n\t\t\t<a href=\"https:\/\/www.wolfgang-barina.de\/bdh\/?cat=23\" title=\"Neuerwerbungen Sammlung Barina\">Neuerwerbungen Sammlung Barina<\/a>\n\t\t<\/span><span class=\"aioseo-breadcrumb-separator\">&raquo;<\/span><span class=\"aioseo-breadcrumb\">\n\t\t\tAnna B\u00e4hker: Im Hafen\n\t\t<\/span><\/div>","aioseo_breadcrumb_json":[{"label":"Zu Hause","link":"https:\/\/www.wolfgang-barina.de\/bdh"},{"label":"Neuerwerbungen Sammlung Barina","link":"https:\/\/www.wolfgang-barina.de\/bdh\/?cat=23"},{"label":"Anna B\u00e4hker: Im Hafen","link":"https:\/\/www.wolfgang-barina.de\/bdh\/?p=19460"}],"_links":{"self":[{"href":"https:\/\/www.wolfgang-barina.de\/bdh\/index.php?rest_route=\/wp\/v2\/posts\/19460"}],"collection":[{"href":"https:\/\/www.wolfgang-barina.de\/bdh\/index.php?rest_route=\/wp\/v2\/posts"}],"about":[{"href":"https:\/\/www.wolfgang-barina.de\/bdh\/index.php?rest_route=\/wp\/v2\/types\/post"}],"author":[{"embeddable":true,"href":"https:\/\/www.wolfgang-barina.de\/bdh\/index.php?rest_route=\/wp\/v2\/users\/3"}],"replies":[{"embeddable":true,"href":"https:\/\/www.wolfgang-barina.de\/bdh\/index.php?rest_route=%2Fwp%2Fv2%2Fcomments&post=19460"}],"version-history":[{"count":2,"href":"https:\/\/www.wolfgang-barina.de\/bdh\/index.php?rest_route=\/wp\/v2\/posts\/19460\/revisions"}],"predecessor-version":[{"id":19463,"href":"https:\/\/www.wolfgang-barina.de\/bdh\/index.php?rest_route=\/wp\/v2\/posts\/19460\/revisions\/19463"}],"wp:attachment":[{"href":"https:\/\/www.wolfgang-barina.de\/bdh\/index.php?rest_route=%2Fwp%2Fv2%2Fmedia&parent=19460"}],"wp:term":[{"taxonomy":"category","embeddable":true,"href":"https:\/\/www.wolfgang-barina.de\/bdh\/index.php?rest_route=%2Fwp%2Fv2%2Fcategories&post=19460"},{"taxonomy":"post_tag","embeddable":true,"href":"https:\/\/www.wolfgang-barina.de\/bdh\/index.php?rest_route=%2Fwp%2Fv2%2Ftags&post=19460"}],"curies":[{"name":"wp","href":"https:\/\/api.w.org\/{rel}","templated":true}]}}