{"id":17443,"date":"2025-03-11T19:25:09","date_gmt":"2025-03-11T17:25:09","guid":{"rendered":"https:\/\/www.wolfgang-barina.de\/bdh\/?p=17443"},"modified":"2025-03-11T19:26:10","modified_gmt":"2025-03-11T17:26:10","slug":"daniel-staschus-vor-anker","status":"publish","type":"post","link":"https:\/\/www.wolfgang-barina.de\/bdh\/?p=17443","title":{"rendered":"Daniel Staschus: Vor Anker"},"content":{"rendered":"<p><strong>DANIEL STASCHUS<\/strong><br \/>\n1872 Girreningken\/Ostpreu\u00dfen \u2013 Lindau\/Bodensee 1953<br \/>\n&#8222;Vor Anker&#8220; (1907)<br \/>\nFarbholzschnitt*), Darstellung 10,5 x 17,5 cm<br \/>\nNeuerwerbung M\u00e4rz 2025<\/p>\n<p>*) Bezeichnet und handsigniert auf der Unterlage. Dort ist &#8222;Holzschnitt&#8220; durchgestrichen und darunter (von fremder Hand?) &#8222;Linolschnitt&#8220; eingef\u00fcgt worden.<br \/>\nDurch die Verbreitung eines dort als &#8222;Originalholzschnitt&#8220; gekennzeichneten Auslagendruckes dieses Motiv als Beilage der Zeitschrift f\u00fcr Bildende Kunst 1907 ist &#8222;Farbholzschnitt&#8220; aber sicher belegt. Dar\u00fcber hinaus handelt es sicher hier mit gr\u00f6\u00dferer Sicherheit um einen Handdruck des K\u00fcnstlers.<\/p>\n<p><a href=\"https:\/\/www.wolfgang-barina.de\/wordpress\/wp-content\/uploads\/2025\/03\/Staschus-FHS-Vor-Anker-Expl-2-750.jpg\"><img loading=\"lazy\" decoding=\"async\" class=\"alignnone wp-image-17444\" src=\"https:\/\/www.wolfgang-barina.de\/wordpress\/wp-content\/uploads\/2025\/03\/Staschus-FHS-Vor-Anker-Expl-2-750.jpg\" alt=\"\" width=\"500\" height=\"851\" srcset=\"https:\/\/www.wolfgang-barina.de\/wordpress\/wp-content\/uploads\/2025\/03\/Staschus-FHS-Vor-Anker-Expl-2-750.jpg 750w, https:\/\/www.wolfgang-barina.de\/wordpress\/wp-content\/uploads\/2025\/03\/Staschus-FHS-Vor-Anker-Expl-2-750-176x300.jpg 176w, https:\/\/www.wolfgang-barina.de\/wordpress\/wp-content\/uploads\/2025\/03\/Staschus-FHS-Vor-Anker-Expl-2-750-602x1024.jpg 602w\" sizes=\"(max-width: 500px) 100vw, 500px\" \/><\/a><\/p>\n","protected":false},"excerpt":{"rendered":"<p>DANIEL STASCHUS 1872 Girreningken\/Ostpreu\u00dfen \u2013 Lindau\/Bodensee 1953 &#8222;Vor Anker&#8220; (1907) Farbholzschnitt*), Darstellung 10,5 x 17,5 cm Neuerwerbung M\u00e4rz 2025 *) Bezeichnet und handsigniert auf der Unterlage. Dort ist &#8222;Holzschnitt&#8220; durchgestrichen und darunter (von fremder Hand?) <a class=\"more-link\" href=\"https:\/\/www.wolfgang-barina.de\/bdh\/?p=17443\">weiterlesen&#8230;<\/a><\/p>\n","protected":false},"author":3,"featured_media":0,"comment_status":"closed","ping_status":"open","sticky":false,"template":"","format":"standard","meta":{"footnotes":""},"categories":[23],"tags":[],"class_list":["post-17443","post","type-post","status-publish","format-standard","hentry","category-vorgestellt"],"aioseo_notices":[],"_links":{"self":[{"href":"https:\/\/www.wolfgang-barina.de\/bdh\/index.php?rest_route=\/wp\/v2\/posts\/17443"}],"collection":[{"href":"https:\/\/www.wolfgang-barina.de\/bdh\/index.php?rest_route=\/wp\/v2\/posts"}],"about":[{"href":"https:\/\/www.wolfgang-barina.de\/bdh\/index.php?rest_route=\/wp\/v2\/types\/post"}],"author":[{"embeddable":true,"href":"https:\/\/www.wolfgang-barina.de\/bdh\/index.php?rest_route=\/wp\/v2\/users\/3"}],"replies":[{"embeddable":true,"href":"https:\/\/www.wolfgang-barina.de\/bdh\/index.php?rest_route=%2Fwp%2Fv2%2Fcomments&post=17443"}],"version-history":[{"count":3,"href":"https:\/\/www.wolfgang-barina.de\/bdh\/index.php?rest_route=\/wp\/v2\/posts\/17443\/revisions"}],"predecessor-version":[{"id":17447,"href":"https:\/\/www.wolfgang-barina.de\/bdh\/index.php?rest_route=\/wp\/v2\/posts\/17443\/revisions\/17447"}],"wp:attachment":[{"href":"https:\/\/www.wolfgang-barina.de\/bdh\/index.php?rest_route=%2Fwp%2Fv2%2Fmedia&parent=17443"}],"wp:term":[{"taxonomy":"category","embeddable":true,"href":"https:\/\/www.wolfgang-barina.de\/bdh\/index.php?rest_route=%2Fwp%2Fv2%2Fcategories&post=17443"},{"taxonomy":"post_tag","embeddable":true,"href":"https:\/\/www.wolfgang-barina.de\/bdh\/index.php?rest_route=%2Fwp%2Fv2%2Ftags&post=17443"}],"curies":[{"name":"wp","href":"https:\/\/api.w.org\/{rel}","templated":true}]}}