{"id":13117,"date":"2022-06-19T16:24:11","date_gmt":"2022-06-19T14:24:11","guid":{"rendered":"http:\/\/www.wolfgang-barina.de\/bdh\/?p=13117"},"modified":"2022-06-19T16:24:59","modified_gmt":"2022-06-19T14:24:59","slug":"jenoe-edi-illes-utcazreszlet-strassenszene","status":"publish","type":"post","link":"https:\/\/www.wolfgang-barina.de\/bdh\/?p=13117","title":{"rendered":"Vorgestellt: Jen\u00f6 Edvi-Ill\u00e9s, Utcazr\u00e9szlet (Stra\u00dfenszene)"},"content":{"rendered":"<p>JEN\u00d6 EDVI-ILL\u00c9S<br \/>\nBerlin 1873 &#8211; Stuttgart 1920<br \/>\nArad 19.12.1886 \u2013 Budapest 4.7.1962<br \/>\n&#8222;Utca r\u00e9szlet (Stra\u00dfenszene)&#8220;<br \/>\nFarblinolschnitt 1909, 16,5 x 17,5<\/p>\n<p><a href=\"http:\/\/www.wolfgang-barina.de\/wordpress\/wp-content\/uploads\/2022\/06\/edvi-illes-fls-utcareszlet-II-1909-e1655648638111.jpg\"><img loading=\"lazy\" decoding=\"async\" class=\"alignnone size-full wp-image-13118\" src=\"http:\/\/www.wolfgang-barina.de\/wordpress\/wp-content\/uploads\/2022\/06\/edvi-illes-fls-utcareszlet-II-1909-e1655648638111.jpg\" alt=\"\" width=\"800\" height=\"864\" srcset=\"https:\/\/www.wolfgang-barina.de\/wordpress\/wp-content\/uploads\/2022\/06\/edvi-illes-fls-utcareszlet-II-1909-e1655648638111.jpg 800w, https:\/\/www.wolfgang-barina.de\/wordpress\/wp-content\/uploads\/2022\/06\/edvi-illes-fls-utcareszlet-II-1909-e1655648638111-278x300.jpg 278w, https:\/\/www.wolfgang-barina.de\/wordpress\/wp-content\/uploads\/2022\/06\/edvi-illes-fls-utcareszlet-II-1909-e1655648638111-768x829.jpg 768w\" sizes=\"(max-width: 800px) 100vw, 800px\" \/><\/a><\/p>\n","protected":false},"excerpt":{"rendered":"<p>JEN\u00d6 EDVI-ILL\u00c9S Berlin 1873 &#8211; Stuttgart 1920 Arad 19.12.1886 \u2013 Budapest 4.7.1962 &#8222;Utca r\u00e9szlet (Stra\u00dfenszene)&#8220; Farblinolschnitt 1909, 16,5 x 17,5<\/p>\n","protected":false},"author":3,"featured_media":0,"comment_status":"closed","ping_status":"open","sticky":false,"template":"","format":"standard","meta":{"footnotes":""},"categories":[23],"tags":[],"class_list":["post-13117","post","type-post","status-publish","format-standard","hentry","category-vorgestellt"],"aioseo_notices":[],"_links":{"self":[{"href":"https:\/\/www.wolfgang-barina.de\/bdh\/index.php?rest_route=\/wp\/v2\/posts\/13117"}],"collection":[{"href":"https:\/\/www.wolfgang-barina.de\/bdh\/index.php?rest_route=\/wp\/v2\/posts"}],"about":[{"href":"https:\/\/www.wolfgang-barina.de\/bdh\/index.php?rest_route=\/wp\/v2\/types\/post"}],"author":[{"embeddable":true,"href":"https:\/\/www.wolfgang-barina.de\/bdh\/index.php?rest_route=\/wp\/v2\/users\/3"}],"replies":[{"embeddable":true,"href":"https:\/\/www.wolfgang-barina.de\/bdh\/index.php?rest_route=%2Fwp%2Fv2%2Fcomments&post=13117"}],"version-history":[{"count":3,"href":"https:\/\/www.wolfgang-barina.de\/bdh\/index.php?rest_route=\/wp\/v2\/posts\/13117\/revisions"}],"predecessor-version":[{"id":13121,"href":"https:\/\/www.wolfgang-barina.de\/bdh\/index.php?rest_route=\/wp\/v2\/posts\/13117\/revisions\/13121"}],"wp:attachment":[{"href":"https:\/\/www.wolfgang-barina.de\/bdh\/index.php?rest_route=%2Fwp%2Fv2%2Fmedia&parent=13117"}],"wp:term":[{"taxonomy":"category","embeddable":true,"href":"https:\/\/www.wolfgang-barina.de\/bdh\/index.php?rest_route=%2Fwp%2Fv2%2Fcategories&post=13117"},{"taxonomy":"post_tag","embeddable":true,"href":"https:\/\/www.wolfgang-barina.de\/bdh\/index.php?rest_route=%2Fwp%2Fv2%2Ftags&post=13117"}],"curies":[{"name":"wp","href":"https:\/\/api.w.org\/{rel}","templated":true}]}}