{"id":12304,"date":"2021-06-14T14:43:34","date_gmt":"2021-06-14T12:43:34","guid":{"rendered":"http:\/\/www.wolfgang-barina.de\/bdh\/?p=12304"},"modified":"2024-06-11T08:40:13","modified_gmt":"2024-06-11T06:40:13","slug":"fototagebuch-natur-ungarn-2021-26","status":"publish","type":"post","link":"https:\/\/www.wolfgang-barina.de\/bdh\/?p=12304","title":{"rendered":"Fototagebuch Natur Ungarn: Weinschw\u00e4rmer"},"content":{"rendered":"<p><strong>DEILEPHILA ELPENOR<\/strong><br \/>\n(hu) Sz\u0151l\u0151szender (a sz\u00e1rnyak m\u00e9g nincsenek kibontva)<br \/>\n(de) Mittlerer Weinschw\u00e4rmer (Fl\u00fcgel noch nicht voll entfaltet)<br \/>\n(en) Elephant hawk moth (wings not yet fully unfolded)<br \/>\n(es) Esfinge morada (las alas a\u00fan no est\u00e1n completamente desplegadas)<\/p>\n<p><a href=\"http:\/\/www.wolfgang-barina.de\/wordpress\/wp-content\/uploads\/2021\/06\/Mittlerer-Weinschwaermer-01a.jpg\"><img decoding=\"async\" class=\"alignnone size-full wp-image-12305\" src=\"http:\/\/www.wolfgang-barina.de\/wordpress\/wp-content\/uploads\/2021\/06\/Mittlerer-Weinschwaermer-01a.jpg\" alt=\"\" width=\"1000\" height=\"688\" srcset=\"https:\/\/www.wolfgang-barina.de\/wordpress\/wp-content\/uploads\/2021\/06\/Mittlerer-Weinschwaermer-01a.jpg 1000w, https:\/\/www.wolfgang-barina.de\/wordpress\/wp-content\/uploads\/2021\/06\/Mittlerer-Weinschwaermer-01a-300x206.jpg 300w, https:\/\/www.wolfgang-barina.de\/wordpress\/wp-content\/uploads\/2021\/06\/Mittlerer-Weinschwaermer-01a-768x528.jpg 768w\" sizes=\"(max-width: 1000px) 100vw, 1000px\" \/><\/a><\/p>\n<p><a href=\"http:\/\/www.wolfgang-barina.de\/wordpress\/wp-content\/uploads\/2021\/06\/Mittlerer-Weinschwaermer-02.jpg\"><img decoding=\"async\" class=\"alignnone size-full wp-image-12306\" src=\"http:\/\/www.wolfgang-barina.de\/wordpress\/wp-content\/uploads\/2021\/06\/Mittlerer-Weinschwaermer-02.jpg\" alt=\"\" width=\"745\" height=\"1000\" srcset=\"https:\/\/www.wolfgang-barina.de\/wordpress\/wp-content\/uploads\/2021\/06\/Mittlerer-Weinschwaermer-02.jpg 745w, https:\/\/www.wolfgang-barina.de\/wordpress\/wp-content\/uploads\/2021\/06\/Mittlerer-Weinschwaermer-02-224x300.jpg 224w\" sizes=\"(max-width: 745px) 100vw, 745px\" \/><\/a><\/p>\n<p><a href=\"http:\/\/www.wolfgang-barina.de\/wordpress\/wp-content\/uploads\/2021\/06\/Mittlerer-Weinschwaermer-04.jpg\"><img decoding=\"async\" class=\"alignnone size-full wp-image-12307\" src=\"http:\/\/www.wolfgang-barina.de\/wordpress\/wp-content\/uploads\/2021\/06\/Mittlerer-Weinschwaermer-04.jpg\" alt=\"\" width=\"864\" height=\"1000\" srcset=\"https:\/\/www.wolfgang-barina.de\/wordpress\/wp-content\/uploads\/2021\/06\/Mittlerer-Weinschwaermer-04.jpg 864w, https:\/\/www.wolfgang-barina.de\/wordpress\/wp-content\/uploads\/2021\/06\/Mittlerer-Weinschwaermer-04-259x300.jpg 259w, https:\/\/www.wolfgang-barina.de\/wordpress\/wp-content\/uploads\/2021\/06\/Mittlerer-Weinschwaermer-04-768x889.jpg 768w\" sizes=\"(max-width: 864px) 100vw, 864px\" \/><\/a><\/p>\n<p><a href=\"http:\/\/www.wolfgang-barina.de\/wordpress\/wp-content\/uploads\/2021\/06\/Mittlerer-Weinschwaermer-04a.jpg\"><img decoding=\"async\" class=\"alignnone size-full wp-image-12308\" src=\"http:\/\/www.wolfgang-barina.de\/wordpress\/wp-content\/uploads\/2021\/06\/Mittlerer-Weinschwaermer-04a.jpg\" alt=\"\" width=\"664\" height=\"1000\" srcset=\"https:\/\/www.wolfgang-barina.de\/wordpress\/wp-content\/uploads\/2021\/06\/Mittlerer-Weinschwaermer-04a.jpg 664w, https:\/\/www.wolfgang-barina.de\/wordpress\/wp-content\/uploads\/2021\/06\/Mittlerer-Weinschwaermer-04a-199x300.jpg 199w\" sizes=\"(max-width: 664px) 100vw, 664px\" \/><\/a><\/p>\n<p><a href=\"http:\/\/www.wolfgang-barina.de\/wordpress\/wp-content\/uploads\/2021\/06\/Mittlerer-Weinschwaermer-05.jpg\"><img decoding=\"async\" class=\"alignnone size-full wp-image-12309\" src=\"http:\/\/www.wolfgang-barina.de\/wordpress\/wp-content\/uploads\/2021\/06\/Mittlerer-Weinschwaermer-05.jpg\" alt=\"\" width=\"1000\" height=\"715\" srcset=\"https:\/\/www.wolfgang-barina.de\/wordpress\/wp-content\/uploads\/2021\/06\/Mittlerer-Weinschwaermer-05.jpg 1000w, https:\/\/www.wolfgang-barina.de\/wordpress\/wp-content\/uploads\/2021\/06\/Mittlerer-Weinschwaermer-05-300x215.jpg 300w, https:\/\/www.wolfgang-barina.de\/wordpress\/wp-content\/uploads\/2021\/06\/Mittlerer-Weinschwaermer-05-768x549.jpg 768w\" sizes=\"(max-width: 1000px) 100vw, 1000px\" \/><\/a><\/p>\n<p>Reste der Puppe:<\/p>\n<p><a href=\"http:\/\/www.wolfgang-barina.de\/wordpress\/wp-content\/uploads\/2021\/06\/Mittlerer-Weinschwaermer-Puppenreste.jpg\"><img decoding=\"async\" class=\"alignnone size-full wp-image-12310\" src=\"http:\/\/www.wolfgang-barina.de\/wordpress\/wp-content\/uploads\/2021\/06\/Mittlerer-Weinschwaermer-Puppenreste.jpg\" alt=\"\" width=\"1000\" height=\"750\" srcset=\"https:\/\/www.wolfgang-barina.de\/wordpress\/wp-content\/uploads\/2021\/06\/Mittlerer-Weinschwaermer-Puppenreste.jpg 1000w, https:\/\/www.wolfgang-barina.de\/wordpress\/wp-content\/uploads\/2021\/06\/Mittlerer-Weinschwaermer-Puppenreste-300x225.jpg 300w, https:\/\/www.wolfgang-barina.de\/wordpress\/wp-content\/uploads\/2021\/06\/Mittlerer-Weinschwaermer-Puppenreste-768x576.jpg 768w\" sizes=\"(max-width: 1000px) 100vw, 1000px\" \/><\/a><\/p>\n<p>&nbsp;<\/p>\n","protected":false},"excerpt":{"rendered":"<p>DEILEPHILA ELPENOR (hu) Sz\u0151l\u0151szender (a sz\u00e1rnyak m\u00e9g nincsenek kibontva) (de) Mittlerer Weinschw\u00e4rmer (Fl\u00fcgel noch nicht voll entfaltet) (en) Elephant hawk moth (wings not yet fully unfolded) (es) Esfinge morada (las alas a\u00fan no est\u00e1n completamente <a class=\"more-link\" href=\"https:\/\/www.wolfgang-barina.de\/bdh\/?p=12304\">weiterlesen&#8230;<\/a><\/p>\n","protected":false},"author":3,"featured_media":0,"comment_status":"closed","ping_status":"open","sticky":false,"template":"","format":"standard","meta":{"footnotes":""},"categories":[21],"tags":[],"class_list":["post-12304","post","type-post","status-publish","format-standard","hentry","category-fototagebuch-natur-ungarn-2021"],"aioseo_notices":[],"aioseo_head":"\n\t\t<!-- All in One SEO 5.0.0.1 - aioseo.com -->\n\t<meta name=\"description\" content=\"DEILEPHILA ELPENOR (hu) Sz\u0151l\u0151szender (a sz\u00e1rnyak m\u00e9g nincsenek kibontva) (de) Mittlerer Weinschw\u00e4rmer (Fl\u00fcgel noch nicht voll entfaltet) (en) Elephant hawk moth (wings not yet fully unfolded) (es) Esfinge morada (las alas a\u00fan no est\u00e1n completamente desplegadas) Reste der Puppe:\" \/>\n\t<meta name=\"robots\" content=\"max-image-preview:large\" \/>\n\t<meta name=\"author\" content=\"Wolfgang Barina\"\/>\n\t<link rel=\"canonical\" href=\"https:\/\/www.wolfgang-barina.de\/bdh\/?p=12304\" \/>\n\t<meta name=\"generator\" content=\"All in One SEO (AIOSEO) 5.0.0.1\" \/>\n\t\t<meta property=\"og:locale\" content=\"de_DE\" \/>\n\t\t<meta property=\"og:site_name\" content=\"Wolfgang Barina - Frankfurt\" \/>\n\t\t<meta property=\"og:type\" content=\"article\" \/>\n\t\t<meta property=\"og:title\" content=\"Fototagebuch Natur Ungarn: Weinschw\u00e4rmer - Wolfgang Barina\" \/>\n\t\t<meta property=\"og:description\" content=\"DEILEPHILA ELPENOR (hu) Sz\u0151l\u0151szender (a sz\u00e1rnyak m\u00e9g nincsenek kibontva) (de) Mittlerer Weinschw\u00e4rmer (Fl\u00fcgel noch nicht voll entfaltet) (en) Elephant hawk moth (wings not yet fully unfolded) (es) Esfinge morada (las alas a\u00fan no est\u00e1n completamente desplegadas) Reste der Puppe:\" \/>\n\t\t<meta property=\"og:url\" content=\"https:\/\/www.wolfgang-barina.de\/bdh\/?p=12304\" \/>\n\t\t<meta property=\"article:published_time\" content=\"2021-06-14T12:43:34+00:00\" \/>\n\t\t<meta property=\"article:modified_time\" content=\"2024-06-11T06:40:13+00:00\" \/>\n\t\t<meta name=\"twitter:card\" content=\"summary_large_image\" \/>\n\t\t<meta name=\"twitter:title\" content=\"Fototagebuch Natur Ungarn: Weinschw\u00e4rmer - Wolfgang Barina\" \/>\n\t\t<meta name=\"twitter:description\" content=\"DEILEPHILA ELPENOR (hu) Sz\u0151l\u0151szender (a sz\u00e1rnyak m\u00e9g nincsenek kibontva) (de) Mittlerer Weinschw\u00e4rmer (Fl\u00fcgel noch nicht voll entfaltet) (en) Elephant hawk moth (wings not yet fully unfolded) (es) Esfinge morada (las alas a\u00fan no est\u00e1n completamente desplegadas) Reste der Puppe:\" \/>\n\t\t<script type=\"application\/ld+json\" class=\"aioseo-schema\">\n\t\t\t{\"@context\":\"https:\\\/\\\/schema.org\",\"@graph\":[{\"@type\":\"BlogPosting\",\"@id\":\"https:\\\/\\\/www.wolfgang-barina.de\\\/bdh\\\/?p=12304#blogposting\",\"name\":\"Fototagebuch Natur Ungarn: Weinschw\\u00e4rmer - Wolfgang Barina\",\"headline\":\"Fototagebuch Natur Ungarn: Weinschw\\u00e4rmer\",\"author\":{\"@id\":\"https:\\\/\\\/www.wolfgang-barina.de\\\/bdh\\\/?author=3#author\"},\"publisher\":{\"@id\":\"https:\\\/\\\/www.wolfgang-barina.de\\\/bdh\\\/#person\"},\"image\":{\"@type\":\"ImageObject\",\"url\":\"https:\\\/\\\/www.wolfgang-barina.de\\\/wordpress\\\/wp-content\\\/uploads\\\/2021\\\/06\\\/Mittlerer-Weinschwaermer-01a.jpg\",\"@id\":\"https:\\\/\\\/www.wolfgang-barina.de\\\/bdh\\\/?p=12304\\\/#articleImage\",\"width\":1000,\"height\":688},\"datePublished\":\"2021-06-14T14:43:34+02:00\",\"dateModified\":\"2024-06-11T08:40:13+02:00\",\"inLanguage\":\"de-DE\",\"mainEntityOfPage\":{\"@id\":\"https:\\\/\\\/www.wolfgang-barina.de\\\/bdh\\\/?p=12304#webpage\"},\"isPartOf\":{\"@id\":\"https:\\\/\\\/www.wolfgang-barina.de\\\/bdh\\\/?p=12304#webpage\"},\"articleSection\":\"Fototagebuch Natur Ungarn\"},{\"@type\":\"BreadcrumbList\",\"@id\":\"https:\\\/\\\/www.wolfgang-barina.de\\\/bdh\\\/?p=12304#breadcrumblist\",\"itemListElement\":[{\"@type\":\"ListItem\",\"@id\":\"https:\\\/\\\/www.wolfgang-barina.de\\\/bdh#listItem\",\"position\":1,\"name\":\"Zu Hause\",\"item\":\"https:\\\/\\\/www.wolfgang-barina.de\\\/bdh\",\"nextItem\":{\"@type\":\"ListItem\",\"@id\":\"https:\\\/\\\/www.wolfgang-barina.de\\\/bdh\\\/?cat=21#listItem\",\"name\":\"Fototagebuch Natur Ungarn\"}},{\"@type\":\"ListItem\",\"@id\":\"https:\\\/\\\/www.wolfgang-barina.de\\\/bdh\\\/?cat=21#listItem\",\"position\":2,\"name\":\"Fototagebuch Natur Ungarn\",\"item\":\"https:\\\/\\\/www.wolfgang-barina.de\\\/bdh\\\/?cat=21\",\"nextItem\":{\"@type\":\"ListItem\",\"@id\":\"https:\\\/\\\/www.wolfgang-barina.de\\\/bdh\\\/?p=12304#listItem\",\"name\":\"Fototagebuch Natur Ungarn: Weinschw\\u00e4rmer\"},\"previousItem\":{\"@type\":\"ListItem\",\"@id\":\"https:\\\/\\\/www.wolfgang-barina.de\\\/bdh#listItem\",\"name\":\"Zu Hause\"}},{\"@type\":\"ListItem\",\"@id\":\"https:\\\/\\\/www.wolfgang-barina.de\\\/bdh\\\/?p=12304#listItem\",\"position\":3,\"name\":\"Fototagebuch Natur Ungarn: Weinschw\\u00e4rmer\",\"previousItem\":{\"@type\":\"ListItem\",\"@id\":\"https:\\\/\\\/www.wolfgang-barina.de\\\/bdh\\\/?cat=21#listItem\",\"name\":\"Fototagebuch Natur Ungarn\"}}]},{\"@type\":\"Person\",\"@id\":\"https:\\\/\\\/www.wolfgang-barina.de\\\/bdh\\\/#person\",\"name\":\"Wolfgang Barina\"},{\"@type\":\"Person\",\"@id\":\"https:\\\/\\\/www.wolfgang-barina.de\\\/bdh\\\/?author=3#author\",\"url\":\"https:\\\/\\\/www.wolfgang-barina.de\\\/bdh\\\/?author=3\",\"name\":\"Wolfgang Barina\"},{\"@type\":\"WebPage\",\"@id\":\"https:\\\/\\\/www.wolfgang-barina.de\\\/bdh\\\/?p=12304#webpage\",\"url\":\"https:\\\/\\\/www.wolfgang-barina.de\\\/bdh\\\/?p=12304\",\"name\":\"Fototagebuch Natur Ungarn: Weinschw\\u00e4rmer - Wolfgang Barina\",\"description\":\"DEILEPHILA ELPENOR (hu) Sz\\u0151l\\u0151szender (a sz\\u00e1rnyak m\\u00e9g nincsenek kibontva) (de) Mittlerer Weinschw\\u00e4rmer (Fl\\u00fcgel noch nicht voll entfaltet) (en) Elephant hawk moth (wings not yet fully unfolded) (es) Esfinge morada (las alas a\\u00fan no est\\u00e1n completamente desplegadas) Reste der Puppe:\",\"inLanguage\":\"de-DE\",\"isPartOf\":{\"@id\":\"https:\\\/\\\/www.wolfgang-barina.de\\\/bdh\\\/#website\"},\"breadcrumb\":{\"@id\":\"https:\\\/\\\/www.wolfgang-barina.de\\\/bdh\\\/?p=12304#breadcrumblist\"},\"author\":{\"@id\":\"https:\\\/\\\/www.wolfgang-barina.de\\\/bdh\\\/?author=3#author\"},\"creator\":{\"@id\":\"https:\\\/\\\/www.wolfgang-barina.de\\\/bdh\\\/?author=3#author\"},\"datePublished\":\"2021-06-14T14:43:34+02:00\",\"dateModified\":\"2024-06-11T08:40:13+02:00\"},{\"@type\":\"WebSite\",\"@id\":\"https:\\\/\\\/www.wolfgang-barina.de\\\/bdh\\\/#website\",\"url\":\"https:\\\/\\\/www.wolfgang-barina.de\\\/bdh\\\/\",\"name\":\"Wolfgang Barina\",\"description\":\"Frankfurt\",\"inLanguage\":\"de-DE\",\"publisher\":{\"@id\":\"https:\\\/\\\/www.wolfgang-barina.de\\\/bdh\\\/#person\"}}]}\n\t\t<\/script>\n\t\t<!-- All in One SEO -->\n\n","aioseo_head_json":{"title":"Fototagebuch Natur Ungarn: Weinschw\u00e4rmer - Wolfgang Barina","description":"DEILEPHILA ELPENOR (hu) Sz\u0151l\u0151szender (a sz\u00e1rnyak m\u00e9g nincsenek kibontva) (de) Mittlerer Weinschw\u00e4rmer (Fl\u00fcgel noch nicht voll entfaltet) (en) Elephant hawk moth (wings not yet fully unfolded) (es) Esfinge morada (las alas a\u00fan no est\u00e1n completamente desplegadas) Reste der Puppe:","canonical_url":"https:\/\/www.wolfgang-barina.de\/bdh\/?p=12304","robots":"max-image-preview:large","keywords":"","webmasterTools":{"miscellaneous":""},"schema":{"@context":"https:\/\/schema.org","@graph":[{"@type":"BlogPosting","@id":"https:\/\/www.wolfgang-barina.de\/bdh\/?p=12304#blogposting","name":"Fototagebuch Natur Ungarn: Weinschw\u00e4rmer - Wolfgang Barina","headline":"Fototagebuch Natur Ungarn: Weinschw\u00e4rmer","author":{"@id":"https:\/\/www.wolfgang-barina.de\/bdh\/?author=3#author"},"publisher":{"@id":"https:\/\/www.wolfgang-barina.de\/bdh\/#person"},"image":{"@type":"ImageObject","url":"https:\/\/www.wolfgang-barina.de\/wordpress\/wp-content\/uploads\/2021\/06\/Mittlerer-Weinschwaermer-01a.jpg","@id":"https:\/\/www.wolfgang-barina.de\/bdh\/?p=12304\/#articleImage","width":1000,"height":688},"datePublished":"2021-06-14T14:43:34+02:00","dateModified":"2024-06-11T08:40:13+02:00","inLanguage":"de-DE","mainEntityOfPage":{"@id":"https:\/\/www.wolfgang-barina.de\/bdh\/?p=12304#webpage"},"isPartOf":{"@id":"https:\/\/www.wolfgang-barina.de\/bdh\/?p=12304#webpage"},"articleSection":"Fototagebuch Natur Ungarn"},{"@type":"BreadcrumbList","@id":"https:\/\/www.wolfgang-barina.de\/bdh\/?p=12304#breadcrumblist","itemListElement":[{"@type":"ListItem","@id":"https:\/\/www.wolfgang-barina.de\/bdh#listItem","position":1,"name":"Zu Hause","item":"https:\/\/www.wolfgang-barina.de\/bdh","nextItem":{"@type":"ListItem","@id":"https:\/\/www.wolfgang-barina.de\/bdh\/?cat=21#listItem","name":"Fototagebuch Natur Ungarn"}},{"@type":"ListItem","@id":"https:\/\/www.wolfgang-barina.de\/bdh\/?cat=21#listItem","position":2,"name":"Fototagebuch Natur Ungarn","item":"https:\/\/www.wolfgang-barina.de\/bdh\/?cat=21","nextItem":{"@type":"ListItem","@id":"https:\/\/www.wolfgang-barina.de\/bdh\/?p=12304#listItem","name":"Fototagebuch Natur Ungarn: Weinschw\u00e4rmer"},"previousItem":{"@type":"ListItem","@id":"https:\/\/www.wolfgang-barina.de\/bdh#listItem","name":"Zu Hause"}},{"@type":"ListItem","@id":"https:\/\/www.wolfgang-barina.de\/bdh\/?p=12304#listItem","position":3,"name":"Fototagebuch Natur Ungarn: Weinschw\u00e4rmer","previousItem":{"@type":"ListItem","@id":"https:\/\/www.wolfgang-barina.de\/bdh\/?cat=21#listItem","name":"Fototagebuch Natur Ungarn"}}]},{"@type":"Person","@id":"https:\/\/www.wolfgang-barina.de\/bdh\/#person","name":"Wolfgang Barina"},{"@type":"Person","@id":"https:\/\/www.wolfgang-barina.de\/bdh\/?author=3#author","url":"https:\/\/www.wolfgang-barina.de\/bdh\/?author=3","name":"Wolfgang Barina"},{"@type":"WebPage","@id":"https:\/\/www.wolfgang-barina.de\/bdh\/?p=12304#webpage","url":"https:\/\/www.wolfgang-barina.de\/bdh\/?p=12304","name":"Fototagebuch Natur Ungarn: Weinschw\u00e4rmer - Wolfgang Barina","description":"DEILEPHILA ELPENOR (hu) Sz\u0151l\u0151szender (a sz\u00e1rnyak m\u00e9g nincsenek kibontva) (de) Mittlerer Weinschw\u00e4rmer (Fl\u00fcgel noch nicht voll entfaltet) (en) Elephant hawk moth (wings not yet fully unfolded) (es) Esfinge morada (las alas a\u00fan no est\u00e1n completamente desplegadas) Reste der Puppe:","inLanguage":"de-DE","isPartOf":{"@id":"https:\/\/www.wolfgang-barina.de\/bdh\/#website"},"breadcrumb":{"@id":"https:\/\/www.wolfgang-barina.de\/bdh\/?p=12304#breadcrumblist"},"author":{"@id":"https:\/\/www.wolfgang-barina.de\/bdh\/?author=3#author"},"creator":{"@id":"https:\/\/www.wolfgang-barina.de\/bdh\/?author=3#author"},"datePublished":"2021-06-14T14:43:34+02:00","dateModified":"2024-06-11T08:40:13+02:00"},{"@type":"WebSite","@id":"https:\/\/www.wolfgang-barina.de\/bdh\/#website","url":"https:\/\/www.wolfgang-barina.de\/bdh\/","name":"Wolfgang Barina","description":"Frankfurt","inLanguage":"de-DE","publisher":{"@id":"https:\/\/www.wolfgang-barina.de\/bdh\/#person"}}]},"og:locale":"de_DE","og:site_name":"Wolfgang Barina - Frankfurt","og:type":"article","og:title":"Fototagebuch Natur Ungarn: Weinschw\u00e4rmer - Wolfgang Barina","og:description":"DEILEPHILA ELPENOR (hu) Sz\u0151l\u0151szender (a sz\u00e1rnyak m\u00e9g nincsenek kibontva) (de) Mittlerer Weinschw\u00e4rmer (Fl\u00fcgel noch nicht voll entfaltet) (en) Elephant hawk moth (wings not yet fully unfolded) (es) Esfinge morada (las alas a\u00fan no est\u00e1n completamente desplegadas) Reste der Puppe:","og:url":"https:\/\/www.wolfgang-barina.de\/bdh\/?p=12304","article:published_time":"2021-06-14T12:43:34+00:00","article:modified_time":"2024-06-11T06:40:13+00:00","twitter:card":"summary_large_image","twitter:title":"Fototagebuch Natur Ungarn: Weinschw\u00e4rmer - Wolfgang Barina","twitter:description":"DEILEPHILA ELPENOR (hu) Sz\u0151l\u0151szender (a sz\u00e1rnyak m\u00e9g nincsenek kibontva) (de) Mittlerer Weinschw\u00e4rmer (Fl\u00fcgel noch nicht voll entfaltet) (en) Elephant hawk moth (wings not yet fully unfolded) (es) Esfinge morada (las alas a\u00fan no est\u00e1n completamente desplegadas) Reste der Puppe:"},"aioseo_meta_data":{"post_id":"12304","title":null,"description":null,"keywords":null,"keyphrases":null,"primary_term":null,"canonical_url":null,"og_title":null,"og_description":null,"og_object_type":"default","og_image_type":"default","og_image_url":null,"og_image_width":null,"og_image_height":null,"og_image_custom_url":null,"og_image_custom_fields":null,"og_video":null,"og_custom_url":null,"og_article_section":null,"og_article_tags":null,"twitter_use_og":false,"twitter_card":"default","twitter_image_type":"default","twitter_image_url":null,"twitter_image_custom_url":null,"twitter_image_custom_fields":null,"twitter_title":null,"twitter_description":null,"schema":{"blockGraphs":[],"customGraphs":[],"default":{"data":{"Article":[],"Course":[],"Dataset":[],"FAQPage":[],"Movie":[],"Person":[],"Product":[],"ProductReview":[],"Car":[],"Recipe":[],"Service":[],"SoftwareApplication":[],"WebPage":[]},"graphName":"","isEnabled":true},"graphs":[]},"schema_type":"default","schema_type_options":null,"pillar_content":false,"robots_default":true,"robots_noindex":false,"robots_noarchive":false,"robots_nosnippet":false,"robots_nofollow":false,"robots_noimageindex":false,"robots_noodp":false,"robots_notranslate":false,"robots_max_snippet":null,"robots_max_videopreview":null,"robots_max_imagepreview":"large","priority":null,"frequency":null,"local_seo":null,"breadcrumb_settings":null,"limit_modified_date":false,"ai":null,"created":"2024-11-06 12:18:10","updated":"2025-06-26 17:27:28","seo_analyzer_scan_date":null,"focus_keyword":null,"additional_keywords":null,"truseo_locale":null},"aioseo_breadcrumb":"<div class=\"aioseo-breadcrumbs\"><span class=\"aioseo-breadcrumb\">\n\t\t\t<a href=\"https:\/\/www.wolfgang-barina.de\/bdh\" title=\"Zu Hause\">Zu Hause<\/a>\n\t\t<\/span><span class=\"aioseo-breadcrumb-separator\">&raquo;<\/span><span class=\"aioseo-breadcrumb\">\n\t\t\t<a href=\"https:\/\/www.wolfgang-barina.de\/bdh\/?cat=21\" title=\"Fototagebuch Natur Ungarn\">Fototagebuch Natur Ungarn<\/a>\n\t\t<\/span><span class=\"aioseo-breadcrumb-separator\">&raquo;<\/span><span class=\"aioseo-breadcrumb\">\n\t\t\tFototagebuch Natur Ungarn: Weinschw\u00e4rmer\n\t\t<\/span><\/div>","aioseo_breadcrumb_json":[{"label":"Zu Hause","link":"https:\/\/www.wolfgang-barina.de\/bdh"},{"label":"Fototagebuch Natur Ungarn","link":"https:\/\/www.wolfgang-barina.de\/bdh\/?cat=21"},{"label":"Fototagebuch Natur Ungarn: Weinschw\u00e4rmer","link":"https:\/\/www.wolfgang-barina.de\/bdh\/?p=12304"}],"_links":{"self":[{"href":"https:\/\/www.wolfgang-barina.de\/bdh\/index.php?rest_route=\/wp\/v2\/posts\/12304"}],"collection":[{"href":"https:\/\/www.wolfgang-barina.de\/bdh\/index.php?rest_route=\/wp\/v2\/posts"}],"about":[{"href":"https:\/\/www.wolfgang-barina.de\/bdh\/index.php?rest_route=\/wp\/v2\/types\/post"}],"author":[{"embeddable":true,"href":"https:\/\/www.wolfgang-barina.de\/bdh\/index.php?rest_route=\/wp\/v2\/users\/3"}],"replies":[{"embeddable":true,"href":"https:\/\/www.wolfgang-barina.de\/bdh\/index.php?rest_route=%2Fwp%2Fv2%2Fcomments&post=12304"}],"version-history":[{"count":4,"href":"https:\/\/www.wolfgang-barina.de\/bdh\/index.php?rest_route=\/wp\/v2\/posts\/12304\/revisions"}],"predecessor-version":[{"id":15526,"href":"https:\/\/www.wolfgang-barina.de\/bdh\/index.php?rest_route=\/wp\/v2\/posts\/12304\/revisions\/15526"}],"wp:attachment":[{"href":"https:\/\/www.wolfgang-barina.de\/bdh\/index.php?rest_route=%2Fwp%2Fv2%2Fmedia&parent=12304"}],"wp:term":[{"taxonomy":"category","embeddable":true,"href":"https:\/\/www.wolfgang-barina.de\/bdh\/index.php?rest_route=%2Fwp%2Fv2%2Fcategories&post=12304"},{"taxonomy":"post_tag","embeddable":true,"href":"https:\/\/www.wolfgang-barina.de\/bdh\/index.php?rest_route=%2Fwp%2Fv2%2Ftags&post=12304"}],"curies":[{"name":"wp","href":"https:\/\/api.w.org\/{rel}","templated":true}]}}