{"id":12052,"date":"2021-03-28T13:00:09","date_gmt":"2021-03-28T11:00:09","guid":{"rendered":"http:\/\/www.wolfgang-barina.de\/bdh\/?p=12052"},"modified":"2021-06-13T07:40:29","modified_gmt":"2021-06-13T05:40:29","slug":"kantina-karantena-2-folge-2","status":"publish","type":"post","link":"https:\/\/www.wolfgang-barina.de\/bdh\/?p=12052","title":{"rendered":"Kantina Karantena (2) \u2013 Folge 2"},"content":{"rendered":"<p><strong>Mucsi, 26.\/27. M\u00e4rz 2021 (Freitag\/Samstag)<\/strong><\/p>\n<p>Nach zwei ganzen Tagen vor Ort ist das Haus vom Winterstaub befreit, das Leben findet am Freitag und Samstag tags\u00fcber vorwiegend im sch\u00f6nsten Vorfr\u00fchling drau\u00dfen statt. Etwas voreilig stehen ein paar Mirabellenb\u00e4ume in voller Bl\u00fcte. Um die \u00c4ste herum summen und schwirren Insekten. Irgendwo versteckt steht eine Parf\u00fcmfachverk\u00e4uferin und verspr\u00fcht einen altmodischen Damenduft.<\/p>\n<p><a href=\"http:\/\/www.wolfgang-barina.de\/wordpress\/wp-content\/uploads\/2021\/03\/Kantina-Karantena-27-03-2021-02.jpg\"><img loading=\"lazy\" decoding=\"async\" class=\"alignnone size-full wp-image-12053\" src=\"http:\/\/www.wolfgang-barina.de\/wordpress\/wp-content\/uploads\/2021\/03\/Kantina-Karantena-27-03-2021-02.jpg\" alt=\"\" width=\"1000\" height=\"750\" srcset=\"https:\/\/www.wolfgang-barina.de\/wordpress\/wp-content\/uploads\/2021\/03\/Kantina-Karantena-27-03-2021-02.jpg 1000w, https:\/\/www.wolfgang-barina.de\/wordpress\/wp-content\/uploads\/2021\/03\/Kantina-Karantena-27-03-2021-02-300x225.jpg 300w, https:\/\/www.wolfgang-barina.de\/wordpress\/wp-content\/uploads\/2021\/03\/Kantina-Karantena-27-03-2021-02-768x576.jpg 768w\" sizes=\"(max-width: 1000px) 100vw, 1000px\" \/><\/a><\/p>\n<p>Die Bl\u00fcten dieser nicht sehr schmackhaften halbwilden Sorte haben Nachtfr\u00f6ste bisher immer gut \u00fcberstanden. Sorgen muss man sich aber um Aprikosen und Weinbergspfirsiche machen. Wenn es noch einmal richtig kalt wird, gibt es sp\u00e4ter keine Fr\u00fcchte.<\/p>\n<p><a href=\"http:\/\/www.wolfgang-barina.de\/wordpress\/wp-content\/uploads\/2021\/03\/Kantina-Karantena-27-03-2021-09.jpg\"><img loading=\"lazy\" decoding=\"async\" class=\"alignnone size-full wp-image-12054\" src=\"http:\/\/www.wolfgang-barina.de\/wordpress\/wp-content\/uploads\/2021\/03\/Kantina-Karantena-27-03-2021-09.jpg\" alt=\"\" width=\"2559\" height=\"1413\" srcset=\"https:\/\/www.wolfgang-barina.de\/wordpress\/wp-content\/uploads\/2021\/03\/Kantina-Karantena-27-03-2021-09.jpg 2559w, https:\/\/www.wolfgang-barina.de\/wordpress\/wp-content\/uploads\/2021\/03\/Kantina-Karantena-27-03-2021-09-300x166.jpg 300w, https:\/\/www.wolfgang-barina.de\/wordpress\/wp-content\/uploads\/2021\/03\/Kantina-Karantena-27-03-2021-09-1024x565.jpg 1024w, https:\/\/www.wolfgang-barina.de\/wordpress\/wp-content\/uploads\/2021\/03\/Kantina-Karantena-27-03-2021-09-768x424.jpg 768w, https:\/\/www.wolfgang-barina.de\/wordpress\/wp-content\/uploads\/2021\/03\/Kantina-Karantena-27-03-2021-09-1536x848.jpg 1536w, https:\/\/www.wolfgang-barina.de\/wordpress\/wp-content\/uploads\/2021\/03\/Kantina-Karantena-27-03-2021-09-2048x1131.jpg 2048w\" sizes=\"(max-width: 2559px) 100vw, 2559px\" \/><\/a><\/p>\n<p>Am Boden im kaum fingerhohen Gras winzige Bl\u00fcten von Vergissmeinnicht, von Veilchen, von aus Beeten ausgeb\u00fcxten oder echt wilden Traubenhyazinthen und erstaunlich vielen anderen Fr\u00fchbl\u00fchern oder Vordr\u00e4nglern, denen man als Stadtbewohner sonst niemals begegnet. Silberdisteln reservieren sich jetzt noch ein Pl\u00e4tzchen, bevor das Gras sp\u00e4ter schnell allen Boden zuwuchert. Aber auch die ausgepflanzten Stauden und Blumen schieben m\u00e4chtig. Bei der Bestimmung der vielen verschiedenen Pflanzen hilft jetzt nur noch ein sehr leistungsf\u00e4higes Langzeitged\u00e4chtnis und die Erinnerung an Pflanzenbestimmungs\u00fcbungen im Bio-Unterricht in der Quinta oder Sexta bei der Bestimmung weiter. Aber nach knapp 60 Jahren ist da nur noch ein Salat aus Worteilen: Gemeiner Gundermann, Milchstern, Lungenkraut. Bevor sich jetzt jemand blamiert lassen wir einfach in paar Bilder sprechen.<\/p>\n<p><a href=\"http:\/\/www.wolfgang-barina.de\/wordpress\/wp-content\/uploads\/2021\/03\/Kantina-Karantena-27-03-2021-03.jpg\"><img loading=\"lazy\" decoding=\"async\" class=\"alignnone size-full wp-image-12055\" src=\"http:\/\/www.wolfgang-barina.de\/wordpress\/wp-content\/uploads\/2021\/03\/Kantina-Karantena-27-03-2021-03.jpg\" alt=\"\" width=\"1000\" height=\"610\" srcset=\"https:\/\/www.wolfgang-barina.de\/wordpress\/wp-content\/uploads\/2021\/03\/Kantina-Karantena-27-03-2021-03.jpg 1000w, https:\/\/www.wolfgang-barina.de\/wordpress\/wp-content\/uploads\/2021\/03\/Kantina-Karantena-27-03-2021-03-300x183.jpg 300w, https:\/\/www.wolfgang-barina.de\/wordpress\/wp-content\/uploads\/2021\/03\/Kantina-Karantena-27-03-2021-03-768x468.jpg 768w\" sizes=\"(max-width: 1000px) 100vw, 1000px\" \/><\/a><\/p>\n<p><a href=\"http:\/\/www.wolfgang-barina.de\/wordpress\/wp-content\/uploads\/2021\/03\/Kantina-Karantena-27-03-2021-04.jpg\"><img loading=\"lazy\" decoding=\"async\" class=\"alignnone size-full wp-image-12056\" src=\"http:\/\/www.wolfgang-barina.de\/wordpress\/wp-content\/uploads\/2021\/03\/Kantina-Karantena-27-03-2021-04.jpg\" alt=\"\" width=\"1000\" height=\"608\" srcset=\"https:\/\/www.wolfgang-barina.de\/wordpress\/wp-content\/uploads\/2021\/03\/Kantina-Karantena-27-03-2021-04.jpg 1000w, https:\/\/www.wolfgang-barina.de\/wordpress\/wp-content\/uploads\/2021\/03\/Kantina-Karantena-27-03-2021-04-300x182.jpg 300w, https:\/\/www.wolfgang-barina.de\/wordpress\/wp-content\/uploads\/2021\/03\/Kantina-Karantena-27-03-2021-04-768x467.jpg 768w\" sizes=\"(max-width: 1000px) 100vw, 1000px\" \/><\/a><\/p>\n<p><a href=\"http:\/\/www.wolfgang-barina.de\/wordpress\/wp-content\/uploads\/2021\/03\/Kantina-Karantena-27-03-2021-05.jpg\"><img loading=\"lazy\" decoding=\"async\" class=\"alignnone size-full wp-image-12057\" src=\"http:\/\/www.wolfgang-barina.de\/wordpress\/wp-content\/uploads\/2021\/03\/Kantina-Karantena-27-03-2021-05.jpg\" alt=\"\" width=\"1000\" height=\"750\" srcset=\"https:\/\/www.wolfgang-barina.de\/wordpress\/wp-content\/uploads\/2021\/03\/Kantina-Karantena-27-03-2021-05.jpg 1000w, https:\/\/www.wolfgang-barina.de\/wordpress\/wp-content\/uploads\/2021\/03\/Kantina-Karantena-27-03-2021-05-300x225.jpg 300w, https:\/\/www.wolfgang-barina.de\/wordpress\/wp-content\/uploads\/2021\/03\/Kantina-Karantena-27-03-2021-05-768x576.jpg 768w\" sizes=\"(max-width: 1000px) 100vw, 1000px\" \/><\/a><\/p>\n<p><a href=\"http:\/\/www.wolfgang-barina.de\/wordpress\/wp-content\/uploads\/2021\/03\/Kantina-Karantena-27-03-2021-06.jpg\"><img loading=\"lazy\" decoding=\"async\" class=\"alignnone size-full wp-image-12058\" src=\"http:\/\/www.wolfgang-barina.de\/wordpress\/wp-content\/uploads\/2021\/03\/Kantina-Karantena-27-03-2021-06.jpg\" alt=\"\" width=\"1000\" height=\"599\" srcset=\"https:\/\/www.wolfgang-barina.de\/wordpress\/wp-content\/uploads\/2021\/03\/Kantina-Karantena-27-03-2021-06.jpg 1000w, https:\/\/www.wolfgang-barina.de\/wordpress\/wp-content\/uploads\/2021\/03\/Kantina-Karantena-27-03-2021-06-300x180.jpg 300w, https:\/\/www.wolfgang-barina.de\/wordpress\/wp-content\/uploads\/2021\/03\/Kantina-Karantena-27-03-2021-06-768x460.jpg 768w\" sizes=\"(max-width: 1000px) 100vw, 1000px\" \/><\/a><\/p>\n<p><a href=\"http:\/\/www.wolfgang-barina.de\/wordpress\/wp-content\/uploads\/2021\/03\/Kantina-Karantena-27-03-2021-07.jpg\"><img loading=\"lazy\" decoding=\"async\" class=\"alignnone size-full wp-image-12059\" src=\"http:\/\/www.wolfgang-barina.de\/wordpress\/wp-content\/uploads\/2021\/03\/Kantina-Karantena-27-03-2021-07.jpg\" alt=\"\" width=\"1000\" height=\"607\" srcset=\"https:\/\/www.wolfgang-barina.de\/wordpress\/wp-content\/uploads\/2021\/03\/Kantina-Karantena-27-03-2021-07.jpg 1000w, https:\/\/www.wolfgang-barina.de\/wordpress\/wp-content\/uploads\/2021\/03\/Kantina-Karantena-27-03-2021-07-300x182.jpg 300w, https:\/\/www.wolfgang-barina.de\/wordpress\/wp-content\/uploads\/2021\/03\/Kantina-Karantena-27-03-2021-07-768x466.jpg 768w\" sizes=\"(max-width: 1000px) 100vw, 1000px\" \/><\/a><\/p>\n<p><a href=\"http:\/\/www.wolfgang-barina.de\/wordpress\/wp-content\/uploads\/2021\/03\/Kantina-Karantena-27-03-2021-08.jpg\"><img loading=\"lazy\" decoding=\"async\" class=\"alignnone size-full wp-image-12060\" src=\"http:\/\/www.wolfgang-barina.de\/wordpress\/wp-content\/uploads\/2021\/03\/Kantina-Karantena-27-03-2021-08.jpg\" alt=\"\" width=\"2559\" height=\"1458\" srcset=\"https:\/\/www.wolfgang-barina.de\/wordpress\/wp-content\/uploads\/2021\/03\/Kantina-Karantena-27-03-2021-08.jpg 2559w, https:\/\/www.wolfgang-barina.de\/wordpress\/wp-content\/uploads\/2021\/03\/Kantina-Karantena-27-03-2021-08-300x171.jpg 300w, https:\/\/www.wolfgang-barina.de\/wordpress\/wp-content\/uploads\/2021\/03\/Kantina-Karantena-27-03-2021-08-1024x583.jpg 1024w, https:\/\/www.wolfgang-barina.de\/wordpress\/wp-content\/uploads\/2021\/03\/Kantina-Karantena-27-03-2021-08-768x438.jpg 768w, https:\/\/www.wolfgang-barina.de\/wordpress\/wp-content\/uploads\/2021\/03\/Kantina-Karantena-27-03-2021-08-1536x875.jpg 1536w, https:\/\/www.wolfgang-barina.de\/wordpress\/wp-content\/uploads\/2021\/03\/Kantina-Karantena-27-03-2021-08-2048x1167.jpg 2048w\" sizes=\"(max-width: 2559px) 100vw, 2559px\" \/><\/a><\/p>\n<p>Das Tagesbuch handelt ja vom Essen, aber auch vom Trinken. Das Kantina-Personal hat bereits vorgestern begonnen, sich um die Getr\u00e4nke zu k\u00fcmmern, die ab Herbst 2022 auf der Speisekarte stehen werden und daher die Weinst\u00f6cke gerichtet, an denen im Herbst die Trauben f\u00fcr den diesj\u00e4hrigen Wein h\u00e4ngen sollen. Wie sich das alles verh\u00e4lt haben wir ja schon 2018\/2919 detailliert berichtet (s. <a href=\"http:\/\/www.wolfgang-barina.de\/wein2018\/\" target=\"_blank\" rel=\"noopener noreferrer\">Weintagebuch 2018<\/a>) und bleibt hier am Rande.<\/p>\n<p><a href=\"http:\/\/www.wolfgang-barina.de\/wordpress\/wp-content\/uploads\/2021\/03\/Kantina-Karantena-27-03-2021-11.jpg\"><img loading=\"lazy\" decoding=\"async\" class=\"alignnone size-full wp-image-12061\" src=\"http:\/\/www.wolfgang-barina.de\/wordpress\/wp-content\/uploads\/2021\/03\/Kantina-Karantena-27-03-2021-11.jpg\" alt=\"\" width=\"1000\" height=\"647\" srcset=\"https:\/\/www.wolfgang-barina.de\/wordpress\/wp-content\/uploads\/2021\/03\/Kantina-Karantena-27-03-2021-11.jpg 1000w, https:\/\/www.wolfgang-barina.de\/wordpress\/wp-content\/uploads\/2021\/03\/Kantina-Karantena-27-03-2021-11-300x194.jpg 300w, https:\/\/www.wolfgang-barina.de\/wordpress\/wp-content\/uploads\/2021\/03\/Kantina-Karantena-27-03-2021-11-768x497.jpg 768w\" sizes=\"(max-width: 1000px) 100vw, 1000px\" \/><\/a><\/p>\n<p>Was die Quarant\u00e4ne angeht, haben wir uns mittlerweile darauf eingestellt, dass uns zwar keiner kontrolliert, aber erwartet wird, dass wir sie selbst einhalten. Wir werden brav sein.<\/p>\n<p>Und auf eine Weise auch nicht. Gestern haben wir verbotenerweise am Nachmittag unseren Scheiterhaufen aus Holzschnitt vom Vorjahr abgefackelt.<\/p>\n<p><a href=\"http:\/\/www.wolfgang-barina.de\/wordpress\/wp-content\/uploads\/2021\/03\/Kantina-Karantena-27-03-2021-10.jpg\"><img loading=\"lazy\" decoding=\"async\" class=\"alignnone size-full wp-image-12062\" src=\"http:\/\/www.wolfgang-barina.de\/wordpress\/wp-content\/uploads\/2021\/03\/Kantina-Karantena-27-03-2021-10.jpg\" alt=\"\" width=\"1000\" height=\"602\" srcset=\"https:\/\/www.wolfgang-barina.de\/wordpress\/wp-content\/uploads\/2021\/03\/Kantina-Karantena-27-03-2021-10.jpg 1000w, https:\/\/www.wolfgang-barina.de\/wordpress\/wp-content\/uploads\/2021\/03\/Kantina-Karantena-27-03-2021-10-300x181.jpg 300w, https:\/\/www.wolfgang-barina.de\/wordpress\/wp-content\/uploads\/2021\/03\/Kantina-Karantena-27-03-2021-10-768x462.jpg 768w\" sizes=\"(max-width: 1000px) 100vw, 1000px\" \/><\/a><\/p>\n<p>Das macht hier jeder so, m\u00f6glichst unauff\u00e4llig. Die n\u00e4chste Polizei ist weit weg und verpfiffen wird nicht so schnell. Und da wir nicht \u00fcberwacht werden, kann uns auch niemand \u00fcberraschen.<\/p>\n<p>Am Abend gab es am Freitag kalten <strong>gebeizten Lachs mit Wei\u00dfkrautsalat<\/strong> im Stille von \u201ecoleslaw\u201c, also klein gehackt und mit Mayonnaise, womit das Rezept schon praktisch vollst\u00e4ndig enttarnt ist, wenn nur noch etwas Salz und Pfeffer dazu k\u00e4me. Der Lachs kam aus einer mit eingereisten Packung und muss nicht f\u00fcr kulinarische Belehrungen herangezogen werden. Dazu Pellkartoffeln. Hausmannkost.<\/p>\n<p>Heute Abend wird es wohl \u00e4hnlich frugal. Eine Doppelpackung <strong>Handk\u00e4se<\/strong> ist mit Musik auf den Weg gebracht und darf ziehen. Dazu wird es Butterbrote geben. Eine aus Resten angesetzte Gem\u00fcsebr\u00fche k\u00f6nnte bei Bedarf den warmen Teil des Abendessen bilden.<\/p>\n<p><a href=\"http:\/\/www.wolfgang-barina.de\/wordpress\/wp-content\/uploads\/2021\/03\/Kantina-Karantena-27-03-2021-12.jpg\"><img loading=\"lazy\" decoding=\"async\" class=\"alignnone size-full wp-image-12063\" src=\"http:\/\/www.wolfgang-barina.de\/wordpress\/wp-content\/uploads\/2021\/03\/Kantina-Karantena-27-03-2021-12.jpg\" alt=\"\" width=\"1000\" height=\"750\" srcset=\"https:\/\/www.wolfgang-barina.de\/wordpress\/wp-content\/uploads\/2021\/03\/Kantina-Karantena-27-03-2021-12.jpg 1000w, https:\/\/www.wolfgang-barina.de\/wordpress\/wp-content\/uploads\/2021\/03\/Kantina-Karantena-27-03-2021-12-300x225.jpg 300w, https:\/\/www.wolfgang-barina.de\/wordpress\/wp-content\/uploads\/2021\/03\/Kantina-Karantena-27-03-2021-12-768x576.jpg 768w\" sizes=\"(max-width: 1000px) 100vw, 1000px\" \/><\/a><\/p>\n<p><strong>Mucsi, 28. M\u00e4rz 2021 (Sonntag)<\/strong><\/p>\n<p>Am ersten Sonntag nach unserer Einreise am vergangenen Mittwoch knickt das Wetter ein wenig ein. Es ist wolkig, ein leichter Wind weht unangenehm unter die Klamotten und treibt in die warme Stube. Wir praktizieren \u201eLazy Sunday\u201c. Leichtere Alibi-Verrichtungen wie einen Wasserschlauch ausrollen und anschlie\u00dfen, der zum Aussp\u00fclen von Ger\u00e4tschaften im Kellerhaus in den kommenden Tagen gebraucht wird, sind nicht ausgeschlossen helfen den Tag strukturieren.<\/p>\n<p>Die eigentlich f\u00fcr heute fest vorgenommene Austriebsspritzung des Weins wird vertagt, heute treibt er eh nicht mehr aus. Und morgen wahrscheinlich auch nicht.<\/p>\n<p>Immerhin kl\u00e4rt uns ein \u00fcbern\u00e4chster Nachbar \u00fcber den Quarant\u00e4nezaun hinweg dar\u00fcber auf, dass, nachdem im vorigen Jahr am Ort ein kleiner Laden geschlossen hat, in dem man Soda in Pfandflaschen kaufen konnte, jetzt immer am Montagfr\u00fch jemand mit dem Auto vorbeif\u00e4hrt, der frisch gef\u00fcllte Flacons verteilt. Man h\u00e4ngt seine leeren Flaschen an den Zaun, daneben passend sein Geld und \u201ezack\u201c hat man frisches Sodawasser. Das hat auch schon vor Corona kontaktlos so funktioniert.<\/p>\n<p><a href=\"http:\/\/www.wolfgang-barina.de\/wordpress\/wp-content\/uploads\/2021\/03\/Kantina-Karantena-27-03-2021-13.jpg\"><img loading=\"lazy\" decoding=\"async\" class=\"alignnone size-full wp-image-12073\" src=\"http:\/\/www.wolfgang-barina.de\/wordpress\/wp-content\/uploads\/2021\/03\/Kantina-Karantena-27-03-2021-13.jpg\" alt=\"\" width=\"1000\" height=\"750\" srcset=\"https:\/\/www.wolfgang-barina.de\/wordpress\/wp-content\/uploads\/2021\/03\/Kantina-Karantena-27-03-2021-13.jpg 1000w, https:\/\/www.wolfgang-barina.de\/wordpress\/wp-content\/uploads\/2021\/03\/Kantina-Karantena-27-03-2021-13-300x225.jpg 300w, https:\/\/www.wolfgang-barina.de\/wordpress\/wp-content\/uploads\/2021\/03\/Kantina-Karantena-27-03-2021-13-768x576.jpg 768w\" sizes=\"(max-width: 1000px) 100vw, 1000px\" \/><\/a><\/p>\n<p>Seltsamerweise nutzen wir die freie Zeit nicht, um gro\u00df aufzukochen, wird sind etwas tr\u00e4ge. Das Grillen von Fleisch-Gem\u00fcse-Spie\u00dfen auf Holzkohle im Freien wird auf morgen, \u00fcbermorgen verschoben. Der heutige Sonntag wird zum \u201e<strong>Restetag<\/strong>\u201c erkl\u00e4rt: Krautsalat, Handk\u00e4se, Gem\u00fcsesuppe. Wenn das nicht reicht, wird spontan zugef\u00fcttert. An Tag 5 sind unsere Vorr\u00e4te an kaltem Essen noch schier endlos.<\/p>\n<p><strong>Mucsi, 28. M\u00e4rz 2021 (Montag)<\/strong><\/p>\n<p>Heute war der erste Grilltag des Jahres. Zu Mittag trumpft die Sonne gro\u00df auf, noch am sp\u00e4ten Nachmittag kann man locker gekleidet im Freien sitzen und die w\u00e4rmenden Strahlen genie\u00dfen. Sonnenbrandgefahr.<\/p>\n<p><a href=\"http:\/\/www.wolfgang-barina.de\/wordpress\/wp-content\/uploads\/2021\/03\/Kantina-Karantena-27-03-2021-14.jpg\"><img loading=\"lazy\" decoding=\"async\" class=\"alignnone size-full wp-image-12074\" src=\"http:\/\/www.wolfgang-barina.de\/wordpress\/wp-content\/uploads\/2021\/03\/Kantina-Karantena-27-03-2021-14.jpg\" alt=\"\" width=\"1000\" height=\"506\" srcset=\"https:\/\/www.wolfgang-barina.de\/wordpress\/wp-content\/uploads\/2021\/03\/Kantina-Karantena-27-03-2021-14.jpg 1000w, https:\/\/www.wolfgang-barina.de\/wordpress\/wp-content\/uploads\/2021\/03\/Kantina-Karantena-27-03-2021-14-300x152.jpg 300w, https:\/\/www.wolfgang-barina.de\/wordpress\/wp-content\/uploads\/2021\/03\/Kantina-Karantena-27-03-2021-14-768x389.jpg 768w\" sizes=\"(max-width: 1000px) 100vw, 1000px\" \/><\/a><\/p>\n<p>Nachdem sich gestern kaum etwas bewegte, sind heute wieder jede Menge Insekten und V\u00f6gel unterwegs. Eine Holzbiene brummt wie ein Hubschrauber und zieht ihre Kreise.<\/p>\n<p><a href=\"http:\/\/www.wolfgang-barina.de\/wordpress\/wp-content\/uploads\/2021\/03\/Kantina-Karantena-27-03-2021-17.jpg\"><img loading=\"lazy\" decoding=\"async\" class=\"alignnone size-full wp-image-12075\" src=\"http:\/\/www.wolfgang-barina.de\/wordpress\/wp-content\/uploads\/2021\/03\/Kantina-Karantena-27-03-2021-17.jpg\" alt=\"\" width=\"1000\" height=\"556\" srcset=\"https:\/\/www.wolfgang-barina.de\/wordpress\/wp-content\/uploads\/2021\/03\/Kantina-Karantena-27-03-2021-17.jpg 1000w, https:\/\/www.wolfgang-barina.de\/wordpress\/wp-content\/uploads\/2021\/03\/Kantina-Karantena-27-03-2021-17-300x167.jpg 300w, https:\/\/www.wolfgang-barina.de\/wordpress\/wp-content\/uploads\/2021\/03\/Kantina-Karantena-27-03-2021-17-768x427.jpg 768w\" sizes=\"(max-width: 1000px) 100vw, 1000px\" \/><\/a><\/p>\n<p><a href=\"http:\/\/www.wolfgang-barina.de\/wordpress\/wp-content\/uploads\/2021\/03\/Kantina-Karantena-27-03-2021-15.jpg\"><img loading=\"lazy\" decoding=\"async\" class=\"alignnone size-full wp-image-12076\" src=\"http:\/\/www.wolfgang-barina.de\/wordpress\/wp-content\/uploads\/2021\/03\/Kantina-Karantena-27-03-2021-15.jpg\" alt=\"\" width=\"1000\" height=\"566\" srcset=\"https:\/\/www.wolfgang-barina.de\/wordpress\/wp-content\/uploads\/2021\/03\/Kantina-Karantena-27-03-2021-15.jpg 1000w, https:\/\/www.wolfgang-barina.de\/wordpress\/wp-content\/uploads\/2021\/03\/Kantina-Karantena-27-03-2021-15-300x170.jpg 300w, https:\/\/www.wolfgang-barina.de\/wordpress\/wp-content\/uploads\/2021\/03\/Kantina-Karantena-27-03-2021-15-768x435.jpg 768w\" sizes=\"(max-width: 1000px) 100vw, 1000px\" \/><\/a><\/p>\n<p><a href=\"http:\/\/www.wolfgang-barina.de\/wordpress\/wp-content\/uploads\/2021\/03\/Kantina-Karantena-27-03-2021-16.jpg\"><img loading=\"lazy\" decoding=\"async\" class=\"alignnone size-full wp-image-12077\" src=\"http:\/\/www.wolfgang-barina.de\/wordpress\/wp-content\/uploads\/2021\/03\/Kantina-Karantena-27-03-2021-16.jpg\" alt=\"\" width=\"1000\" height=\"641\" srcset=\"https:\/\/www.wolfgang-barina.de\/wordpress\/wp-content\/uploads\/2021\/03\/Kantina-Karantena-27-03-2021-16.jpg 1000w, https:\/\/www.wolfgang-barina.de\/wordpress\/wp-content\/uploads\/2021\/03\/Kantina-Karantena-27-03-2021-16-300x192.jpg 300w, https:\/\/www.wolfgang-barina.de\/wordpress\/wp-content\/uploads\/2021\/03\/Kantina-Karantena-27-03-2021-16-768x492.jpg 768w\" sizes=\"(max-width: 1000px) 100vw, 1000px\" \/><\/a><\/p>\n<p>Neben den ersten Tagpfauenaugen\u00a0 und Zitronenfaltern machen besonders die schwarzen Mauer- oder Solit\u00e4rbienen mit ihren roten Hinterteilen Freude. Wir hatten sie schon abgeschrieben, nachdem die ausgeh\u00e4ngten Bambusrohre seit Jahren nicht mehr bewohnt aussahen. Aber wir haben sie wohl immer nur verpasst. Nach wenigen Wochen gleich Anfang des Fr\u00fchjahrs verschlie\u00dfen sie n\u00e4mlich die R\u00f6hren mit Lehm und mauern so ihre Brut ein, die erst nach gut 10 Monaten im Folgejahr wieder herauskriecht und f\u00fcr ein paar Wochen die Ernte der ersten Fr\u00fchlingstage weitgehend f\u00fcr sich hat. Eine gute Weile, bevor Scharen von Wespen, andere Bienen und marodierende Hornissen ihnen Konkurrenz machen oder ihnen gar nachstellen. Falls wir uns sp\u00e4ter nicht mehr sehen: bis n\u00e4chstes Jahr!<\/p>\n<p>Der Vormittag geht drauf f\u00fcr Gartenarbeiten rund ums Haus, Unkraut j\u00e4ten, vertrocknete Stauden zur\u00fcckschneiden. Und f\u00fcr Weinkellerarbeit. Der 2020-er Wein muss aus den F\u00e4ssern gezogen werden, die unten zur\u00fcck bleibende, dort abgesetzte Schicht aus Traubenr\u00fcckst\u00e4nden, Schmutz und Hefen wird ausgesp\u00fclt und der Wein zur\u00fcckgesetzt.<\/p>\n<p><a href=\"http:\/\/www.wolfgang-barina.de\/wordpress\/wp-content\/uploads\/2021\/03\/Kantina-Karantena-27-03-2021-18.pg_.jpg\"><img loading=\"lazy\" decoding=\"async\" class=\"alignnone size-full wp-image-12078\" src=\"http:\/\/www.wolfgang-barina.de\/wordpress\/wp-content\/uploads\/2021\/03\/Kantina-Karantena-27-03-2021-18.pg_.jpg\" alt=\"\" width=\"1000\" height=\"545\" srcset=\"https:\/\/www.wolfgang-barina.de\/wordpress\/wp-content\/uploads\/2021\/03\/Kantina-Karantena-27-03-2021-18.pg_.jpg 1000w, https:\/\/www.wolfgang-barina.de\/wordpress\/wp-content\/uploads\/2021\/03\/Kantina-Karantena-27-03-2021-18.pg_-300x164.jpg 300w, https:\/\/www.wolfgang-barina.de\/wordpress\/wp-content\/uploads\/2021\/03\/Kantina-Karantena-27-03-2021-18.pg_-768x419.jpg 768w\" sizes=\"(max-width: 1000px) 100vw, 1000px\" \/><\/a><\/p>\n<p>Am Nachmittag gl\u00fcht die erste Holzkohle wei\u00df und br\u00e4unt unsere &#8211; wie nennen sie jetzt mal so &#8211; <strong>Zigeunerspie\u00dfe: <\/strong>St\u00fccke vom Schweinenacken, Bauchspeck, Zwiebeln, Paprika.<\/p>\n<p><a href=\"http:\/\/www.wolfgang-barina.de\/wordpress\/wp-content\/uploads\/2021\/03\/Kantina-Karantena-27-03-2021-19.pg_.jpg\"><img loading=\"lazy\" decoding=\"async\" class=\"alignnone size-full wp-image-12079\" src=\"http:\/\/www.wolfgang-barina.de\/wordpress\/wp-content\/uploads\/2021\/03\/Kantina-Karantena-27-03-2021-19.pg_.jpg\" alt=\"\" width=\"1000\" height=\"562\" srcset=\"https:\/\/www.wolfgang-barina.de\/wordpress\/wp-content\/uploads\/2021\/03\/Kantina-Karantena-27-03-2021-19.pg_.jpg 1000w, https:\/\/www.wolfgang-barina.de\/wordpress\/wp-content\/uploads\/2021\/03\/Kantina-Karantena-27-03-2021-19.pg_-300x169.jpg 300w, https:\/\/www.wolfgang-barina.de\/wordpress\/wp-content\/uploads\/2021\/03\/Kantina-Karantena-27-03-2021-19.pg_-768x432.jpg 768w\" sizes=\"(max-width: 1000px) 100vw, 1000px\" \/><\/a><\/p>\n<p>Nat\u00fcrlich ist der &#8222;Zigeuner&#8220; nicht sehr &#8222;p.c.&#8220; und peinlicher w\u00e4re nur noch der Versuch jetzt noch etwas daran zu gendern, aber Corona und der explizite Anti-Multikulturalismus in der offiziellen aktuellen ungarischen Politik verursachen sarkastische Reflexe beim Denken und Sprechen.<\/p>\n<p><a href=\"http:\/\/www.wolfgang-barina.de\/wordpress\/wp-content\/uploads\/2021\/03\/Kantina-Karantena-27-03-2021-20.jpg\"><img loading=\"lazy\" decoding=\"async\" class=\"alignnone size-full wp-image-12080\" src=\"http:\/\/www.wolfgang-barina.de\/wordpress\/wp-content\/uploads\/2021\/03\/Kantina-Karantena-27-03-2021-20.jpg\" alt=\"\" width=\"1000\" height=\"562\" srcset=\"https:\/\/www.wolfgang-barina.de\/wordpress\/wp-content\/uploads\/2021\/03\/Kantina-Karantena-27-03-2021-20.jpg 1000w, https:\/\/www.wolfgang-barina.de\/wordpress\/wp-content\/uploads\/2021\/03\/Kantina-Karantena-27-03-2021-20-300x169.jpg 300w, https:\/\/www.wolfgang-barina.de\/wordpress\/wp-content\/uploads\/2021\/03\/Kantina-Karantena-27-03-2021-20-768x432.jpg 768w\" sizes=\"(max-width: 1000px) 100vw, 1000px\" \/><\/a><\/p>\n<p>Apropos Corona: Das Dorf tr\u00e4gt Maske. Die meisten \u00c4lteren sind bereits wenigstens\u00a0 einmal geimpft, aber es liegen auch Leute im Krankenhaus. Wir haben die Ohren auf was unsere eigenen m\u00f6glicherweise anstehenden Impftermine in Deutschland angeht. Vieles lassen wir liefern, statt einkaufen zu gehen, neben Wei\u00dfwein vom Balaton auch Holz und Schrauben aus einem Baumarkt in Budapest. Das reduziert Kontakte und wird auch nach Ende der Quarant\u00e4ne weitgehend beibehalten.<\/p>\n","protected":false},"excerpt":{"rendered":"<p>Mucsi, 26.\/27. M\u00e4rz 2021 (Freitag\/Samstag) Nach zwei ganzen Tagen vor Ort ist das Haus vom Winterstaub befreit, das Leben findet am Freitag und Samstag tags\u00fcber vorwiegend im sch\u00f6nsten Vorfr\u00fchling drau\u00dfen statt. Etwas voreilig stehen ein <a class=\"more-link\" href=\"https:\/\/www.wolfgang-barina.de\/bdh\/?p=12052\">weiterlesen&#8230;<\/a><\/p>\n","protected":false},"author":3,"featured_media":0,"comment_status":"closed","ping_status":"open","sticky":false,"template":"","format":"standard","meta":{"footnotes":""},"categories":[25],"tags":[],"class_list":["post-12052","post","type-post","status-publish","format-standard","hentry","category-kantina-karantena"],"aioseo_notices":[],"_links":{"self":[{"href":"https:\/\/www.wolfgang-barina.de\/bdh\/index.php?rest_route=\/wp\/v2\/posts\/12052"}],"collection":[{"href":"https:\/\/www.wolfgang-barina.de\/bdh\/index.php?rest_route=\/wp\/v2\/posts"}],"about":[{"href":"https:\/\/www.wolfgang-barina.de\/bdh\/index.php?rest_route=\/wp\/v2\/types\/post"}],"author":[{"embeddable":true,"href":"https:\/\/www.wolfgang-barina.de\/bdh\/index.php?rest_route=\/wp\/v2\/users\/3"}],"replies":[{"embeddable":true,"href":"https:\/\/www.wolfgang-barina.de\/bdh\/index.php?rest_route=%2Fwp%2Fv2%2Fcomments&post=12052"}],"version-history":[{"count":18,"href":"https:\/\/www.wolfgang-barina.de\/bdh\/index.php?rest_route=\/wp\/v2\/posts\/12052\/revisions"}],"predecessor-version":[{"id":12090,"href":"https:\/\/www.wolfgang-barina.de\/bdh\/index.php?rest_route=\/wp\/v2\/posts\/12052\/revisions\/12090"}],"wp:attachment":[{"href":"https:\/\/www.wolfgang-barina.de\/bdh\/index.php?rest_route=%2Fwp%2Fv2%2Fmedia&parent=12052"}],"wp:term":[{"taxonomy":"category","embeddable":true,"href":"https:\/\/www.wolfgang-barina.de\/bdh\/index.php?rest_route=%2Fwp%2Fv2%2Fcategories&post=12052"},{"taxonomy":"post_tag","embeddable":true,"href":"https:\/\/www.wolfgang-barina.de\/bdh\/index.php?rest_route=%2Fwp%2Fv2%2Ftags&post=12052"}],"curies":[{"name":"wp","href":"https:\/\/api.w.org\/{rel}","templated":true}]}}