{"id":63,"date":"2018-04-25T11:17:02","date_gmt":"2018-04-25T09:17:02","guid":{"rendered":"http:\/\/www.wolfgang-barina.de\/wein2018\/?p=63"},"modified":"2018-09-10T09:58:04","modified_gmt":"2018-09-10T07:58:04","slug":"25-april-2018-fruehere-wachstumsprognosen-schall-und-rauch","status":"publish","type":"post","link":"http:\/\/www.wolfgang-barina.de\/wein2018\/2018\/04\/25\/25-april-2018-fruehere-wachstumsprognosen-schall-und-rauch\/","title":{"rendered":"25. April 2018 &#8211; Fr\u00fchere Wachstumsprognosen Schall und Rauch!"},"content":{"rendered":"<h6>&lt;Gr\u00f6\u00dfere Abbildungen durch Anklicken der Fotos&gt;<\/h6>\n<p><img loading=\"lazy\" class=\"alignleft size-full wp-image-25\" src=\"http:\/\/www.wolfgang-barina.de\/wein2018\/wp-content\/uploads\/2018\/04\/trauben-e1524373364204.jpg\" alt=\"\" width=\"50\" height=\"60\" \/>\u201eUnser lieber Nachbar auch\u201c schickt Fotos, die verbl\u00fcffen und meine Wachstumsprognosen ersch\u00fcttern, sowohl was den Wein als auch was das Gras betrifft. Eigentlich h\u00e4tte man n\u00e4mlich die letzten Wochen den Wein auch noch 1.000 km entfernt in Frankfurt wachsen h\u00f6ren m\u00fcssen.<\/p>\n<p><a href=\"http:\/\/www.wolfgang-barina.de\/wein2018\/wp-content\/uploads\/2018\/04\/2018-04-25-web-01.jpg\"><img loading=\"lazy\" class=\"alignnone size-full wp-image-65\" src=\"http:\/\/www.wolfgang-barina.de\/wein2018\/wp-content\/uploads\/2018\/04\/2018-04-25-web-01.jpg\" alt=\"\" width=\"1000\" height=\"654\" srcset=\"http:\/\/www.wolfgang-barina.de\/wein2018\/wp-content\/uploads\/2018\/04\/2018-04-25-web-01.jpg 1000w, http:\/\/www.wolfgang-barina.de\/wein2018\/wp-content\/uploads\/2018\/04\/2018-04-25-web-01-300x196.jpg 300w, http:\/\/www.wolfgang-barina.de\/wein2018\/wp-content\/uploads\/2018\/04\/2018-04-25-web-01-768x502.jpg 768w\" sizes=\"(max-width: 1000px) 100vw, 1000px\" \/><\/a><\/p>\n<p>Die Triebe d\u00fcrften in den vergangenen nur 18 Tagen auf \u00fcber 20 cm gewachsen sein, die unteren Bl\u00e4tter sind noch zartgr\u00fcn, aber schon entfaltet. An der Spitze dicke, fette Bl\u00fctenans\u00e4tze (\u201eGescheine\u201c). Der Umfang der St\u00e4ngel ist enorm. Es ist kaum vorstellbar, dass sie aus den im letzten Beitrag abgebildeten Augen innerhalb weniger Tage f\u00f6rmlich herausgesprungen sein m\u00fcssen.<\/p>\n<p>Was war die Prognose? \u201e\u2026.dass bis Ende Juni die eigentliche Bl\u00fcte abgeschlossen ist und man den Trieben, von denen heute noch nicht eine Spur zu sehen ist, ab Mai beim Wachsen zusehen kann. Sie werden schnell 80, 120, 140 cm lang sein.\u201c So weit so gut, Herr Lehmann. Wir korrigieren aber auf \u201e\u2026.ab Mitte April beim Wachsen zusehen\u201c und auf \u201e\u2026.werden schnell \u201e80, 160, 240 cm lang sein\u201c.<\/p>\n<p><a href=\"http:\/\/www.wolfgang-barina.de\/wein2018\/wp-content\/uploads\/2018\/04\/2018-04-25-web-02.jpg\"><img loading=\"lazy\" class=\"alignright size-full wp-image-66\" src=\"http:\/\/www.wolfgang-barina.de\/wein2018\/wp-content\/uploads\/2018\/04\/2018-04-25-web-02.jpg\" alt=\"\" width=\"333\" height=\"222\" srcset=\"http:\/\/www.wolfgang-barina.de\/wein2018\/wp-content\/uploads\/2018\/04\/2018-04-25-web-02.jpg 333w, http:\/\/www.wolfgang-barina.de\/wein2018\/wp-content\/uploads\/2018\/04\/2018-04-25-web-02-300x200.jpg 300w\" sizes=\"(max-width: 333px) 100vw, 333px\" \/><\/a>Im Ernst, unsere Rebensorte erinnert manchmal stark an die Pflanze aus \u201eDer kleine Horrorladen\u201c, nur dass sie nicht bei\u00dft. Die Kombination aus Dutzende Meter tiefem reinen Lehmboden, der so genannten \u201eUnterlage SO4\u201c (Neugierige bitte bei google nachschlagen!) und der Rebsorte \u201eMonarch\u201c scheint so eine Art Weinstockmonster hervorzubringen, die schneller wachsen als die Rebschere \u201eschnipp\u201c oder \u201eschnapp\u201c machen kann.<\/p>\n<p>Im Juni werden wir jedenfalls stark zur\u00fcck schneiden m\u00fcssen, einzelne Triebe auch mehr als einen Meter. Sonst kommen wir sp\u00e4ter nicht\u00a0 mehr durch den Dschungel.<\/p>\n<p>Das zweite Foto vom 25.4. von unserem Gel\u00e4nde verbl\u00fcfft mich ebenfalls: das Gras steht knapp einen halben Meter hoch, ein etwas unkonventionell aussehender \u201eRasentraktor\u201c mit mir unbekanntem Pilot rauscht durch die Wiese.<\/p>\n<p><a href=\"http:\/\/www.wolfgang-barina.de\/wein2018\/wp-content\/uploads\/2018\/04\/2018-04-25-web-03.jpg\"><img loading=\"lazy\" class=\"alignnone size-full wp-image-68\" src=\"http:\/\/www.wolfgang-barina.de\/wein2018\/wp-content\/uploads\/2018\/04\/2018-04-25-web-03.jpg\" alt=\"\" width=\"1000\" height=\"562\" srcset=\"http:\/\/www.wolfgang-barina.de\/wein2018\/wp-content\/uploads\/2018\/04\/2018-04-25-web-03.jpg 1000w, http:\/\/www.wolfgang-barina.de\/wein2018\/wp-content\/uploads\/2018\/04\/2018-04-25-web-03-300x169.jpg 300w, http:\/\/www.wolfgang-barina.de\/wein2018\/wp-content\/uploads\/2018\/04\/2018-04-25-web-03-768x432.jpg 768w\" sizes=\"(max-width: 1000px) 100vw, 1000px\" \/><\/a><\/p>\n<p>Die Geschwindigkeit, mit der das Gras in die H\u00f6he schie\u00dft, macht mir Sorge. Der M\u00e4hservice hingegen begl\u00fcckt mich. Wir hatten schon einmal im Fr\u00fchsommer \u2013 nachdem seit dem Winter niemand Hand angelegt hatte &#8211; 1,80 Meter hohe Brennnesseln und auch Beif\u00fc\u00dfe vorgefunden, die unten 3 cm dick und verholzt waren und nicht mehr mit dem Rasenm\u00e4her, geschweige denn einer Sense, zu f\u00e4llen waren. Schrieb nicht schon Max Frisch etwas von \u201em\u00f6rderischer \u00dcberfruchtung\u201c? Ein paar Jahre Erfahrung mit eigenem Hausgarten und schon liest man die Klassiker der Weltliteratur mit anderen Augen und versteht Leute, die mit Unkraut-Ex hantieren, etwas besser. So eine Zwischenrodung ist jedenfalls hilfreich und beruhigend. Danke, Herr Nachbar und Herr Pilot! Bitte alles aufschreiben und verrechnen.<\/p>\n","protected":false},"excerpt":{"rendered":"<p>&lt;Gr\u00f6\u00dfere Abbildungen durch Anklicken der Fotos&gt; \u201eUnser lieber Nachbar auch\u201c schickt Fotos, die verbl\u00fcffen und meine Wachstumsprognosen ersch\u00fcttern, sowohl was den Wein als auch was das Gras betrifft. Eigentlich h\u00e4tte man n\u00e4mlich die letzten Wochen den Wein auch noch 1.000 &hellip; <a href=\"http:\/\/www.wolfgang-barina.de\/wein2018\/2018\/04\/25\/25-april-2018-fruehere-wachstumsprognosen-schall-und-rauch\/\">Weiterlesen <span class=\"meta-nav\">&rarr;<\/span><\/a><\/p>\n","protected":false},"author":1,"featured_media":0,"comment_status":"closed","ping_status":"open","sticky":false,"template":"","format":"standard","meta":[],"categories":[1],"tags":[],"_links":{"self":[{"href":"http:\/\/www.wolfgang-barina.de\/wein2018\/wp-json\/wp\/v2\/posts\/63"}],"collection":[{"href":"http:\/\/www.wolfgang-barina.de\/wein2018\/wp-json\/wp\/v2\/posts"}],"about":[{"href":"http:\/\/www.wolfgang-barina.de\/wein2018\/wp-json\/wp\/v2\/types\/post"}],"author":[{"embeddable":true,"href":"http:\/\/www.wolfgang-barina.de\/wein2018\/wp-json\/wp\/v2\/users\/1"}],"replies":[{"embeddable":true,"href":"http:\/\/www.wolfgang-barina.de\/wein2018\/wp-json\/wp\/v2\/comments?post=63"}],"version-history":[{"count":11,"href":"http:\/\/www.wolfgang-barina.de\/wein2018\/wp-json\/wp\/v2\/posts\/63\/revisions"}],"predecessor-version":[{"id":185,"href":"http:\/\/www.wolfgang-barina.de\/wein2018\/wp-json\/wp\/v2\/posts\/63\/revisions\/185"}],"wp:attachment":[{"href":"http:\/\/www.wolfgang-barina.de\/wein2018\/wp-json\/wp\/v2\/media?parent=63"}],"wp:term":[{"taxonomy":"category","embeddable":true,"href":"http:\/\/www.wolfgang-barina.de\/wein2018\/wp-json\/wp\/v2\/categories?post=63"},{"taxonomy":"post_tag","embeddable":true,"href":"http:\/\/www.wolfgang-barina.de\/wein2018\/wp-json\/wp\/v2\/tags?post=63"}],"curies":[{"name":"wp","href":"https:\/\/api.w.org\/{rel}","templated":true}]}}