{"id":178,"date":"2018-05-13T09:31:35","date_gmt":"2018-05-13T07:31:35","guid":{"rendered":"http:\/\/www.wolfgang-barina.de\/wein2018\/?p=178"},"modified":"2018-09-10T09:58:14","modified_gmt":"2018-09-10T07:58:14","slug":"13-mai-2018-unscharfe-fotos-klare-linie-es-geht-weiter-nach-oben","status":"publish","type":"post","link":"http:\/\/www.wolfgang-barina.de\/wein2018\/2018\/05\/13\/13-mai-2018-unscharfe-fotos-klare-linie-es-geht-weiter-nach-oben\/","title":{"rendered":"13. Mai 2018 &#8211; Unscharfe Fotos, klare Linie: es geht weiter nach oben"},"content":{"rendered":"<p><a href=\"http:\/\/www.wolfgang-barina.de\/wein2018\/wp-content\/uploads\/2018\/04\/trauben-e1524373364204.jpg\"><img loading=\"lazy\" class=\"alignleft size-full wp-image-25\" src=\"http:\/\/www.wolfgang-barina.de\/wein2018\/wp-content\/uploads\/2018\/04\/trauben-e1524373364204.jpg\" alt=\"\" width=\"50\" height=\"60\" \/><\/a>Man will fast den Eindruck haben, dass der Wein heuer ein so genanntes &#8222;Mastjahr&#8220; einlegt. Der Begriff ist gerade in aller Munde wegen des extremen Pollenflugs in Deutschland. Bestimmte Baumarten bilden in manchen Jahren und unregelm\u00e4\u00dfigen Abst\u00e4nden \u00fcberdurchschnittlich viel Samen aus und kompensieren so niedrige Samenmengen der Vorjahre, w\u00e4hrend sie zuvor in den Holzzuwachs investiert haben.<\/p>\n<p>F\u00fcr den Wein passt der Begriff nicht wirklich, aber das Wachstum der letzten Wochen muss ebenfalls als extrem und au\u00dfergew\u00f6hnlich bezeichnet werden. Auch sp\u00e4tere Sorten scheinen schon &#8211; 4 Wochen verfr\u00fcht &#8211; ans Bl\u00fchen zu denken.<\/p>\n<p>Die neuen Fotos des Nachbarn sind etwas verwaschen, aber eindeutig. Auch sein erst 2-j\u00e4hriger Kaiserbaum schie\u00dft ins Kraut (unten).<\/p>\n<p><a href=\"http:\/\/www.wolfgang-barina.de\/wein2018\/wp-content\/uploads\/2018\/05\/2018-05-13-web-01.jpg\"><img loading=\"lazy\" class=\"alignnone size-full wp-image-179\" src=\"http:\/\/www.wolfgang-barina.de\/wein2018\/wp-content\/uploads\/2018\/05\/2018-05-13-web-01.jpg\" alt=\"\" width=\"1000\" height=\"562\" srcset=\"http:\/\/www.wolfgang-barina.de\/wein2018\/wp-content\/uploads\/2018\/05\/2018-05-13-web-01.jpg 1000w, http:\/\/www.wolfgang-barina.de\/wein2018\/wp-content\/uploads\/2018\/05\/2018-05-13-web-01-300x169.jpg 300w, http:\/\/www.wolfgang-barina.de\/wein2018\/wp-content\/uploads\/2018\/05\/2018-05-13-web-01-768x432.jpg 768w\" sizes=\"(max-width: 1000px) 100vw, 1000px\" \/><\/a><\/p>\n<p><a href=\"http:\/\/www.wolfgang-barina.de\/wein2018\/wp-content\/uploads\/2018\/05\/2018-05-13-web-02.jpg\"><img loading=\"lazy\" class=\"alignnone size-full wp-image-180\" src=\"http:\/\/www.wolfgang-barina.de\/wein2018\/wp-content\/uploads\/2018\/05\/2018-05-13-web-02.jpg\" alt=\"\" width=\"1000\" height=\"562\" srcset=\"http:\/\/www.wolfgang-barina.de\/wein2018\/wp-content\/uploads\/2018\/05\/2018-05-13-web-02.jpg 1000w, http:\/\/www.wolfgang-barina.de\/wein2018\/wp-content\/uploads\/2018\/05\/2018-05-13-web-02-300x169.jpg 300w, http:\/\/www.wolfgang-barina.de\/wein2018\/wp-content\/uploads\/2018\/05\/2018-05-13-web-02-768x432.jpg 768w\" sizes=\"(max-width: 1000px) 100vw, 1000px\" \/><\/a><\/p>\n<p><a href=\"http:\/\/www.wolfgang-barina.de\/wein2018\/wp-content\/uploads\/2018\/05\/2018-05-13-web-03.jpg\"><img loading=\"lazy\" class=\"alignnone size-full wp-image-181\" src=\"http:\/\/www.wolfgang-barina.de\/wein2018\/wp-content\/uploads\/2018\/05\/2018-05-13-web-03.jpg\" alt=\"\" width=\"2048\" height=\"1152\" srcset=\"http:\/\/www.wolfgang-barina.de\/wein2018\/wp-content\/uploads\/2018\/05\/2018-05-13-web-03.jpg 2048w, http:\/\/www.wolfgang-barina.de\/wein2018\/wp-content\/uploads\/2018\/05\/2018-05-13-web-03-300x169.jpg 300w, http:\/\/www.wolfgang-barina.de\/wein2018\/wp-content\/uploads\/2018\/05\/2018-05-13-web-03-768x432.jpg 768w, http:\/\/www.wolfgang-barina.de\/wein2018\/wp-content\/uploads\/2018\/05\/2018-05-13-web-03-1024x576.jpg 1024w\" sizes=\"(max-width: 2048px) 100vw, 2048px\" \/><\/a><\/p>\n<p>&nbsp;<\/p>\n","protected":false},"excerpt":{"rendered":"<p>Man will fast den Eindruck haben, dass der Wein heuer ein so genanntes &#8222;Mastjahr&#8220; einlegt. Der Begriff ist gerade in aller Munde wegen des extremen Pollenflugs in Deutschland. Bestimmte Baumarten bilden in manchen Jahren und unregelm\u00e4\u00dfigen Abst\u00e4nden \u00fcberdurchschnittlich viel Samen &hellip; <a href=\"http:\/\/www.wolfgang-barina.de\/wein2018\/2018\/05\/13\/13-mai-2018-unscharfe-fotos-klare-linie-es-geht-weiter-nach-oben\/\">Weiterlesen <span class=\"meta-nav\">&rarr;<\/span><\/a><\/p>\n","protected":false},"author":1,"featured_media":0,"comment_status":"closed","ping_status":"open","sticky":false,"template":"","format":"standard","meta":[],"categories":[1],"tags":[],"_links":{"self":[{"href":"http:\/\/www.wolfgang-barina.de\/wein2018\/wp-json\/wp\/v2\/posts\/178"}],"collection":[{"href":"http:\/\/www.wolfgang-barina.de\/wein2018\/wp-json\/wp\/v2\/posts"}],"about":[{"href":"http:\/\/www.wolfgang-barina.de\/wein2018\/wp-json\/wp\/v2\/types\/post"}],"author":[{"embeddable":true,"href":"http:\/\/www.wolfgang-barina.de\/wein2018\/wp-json\/wp\/v2\/users\/1"}],"replies":[{"embeddable":true,"href":"http:\/\/www.wolfgang-barina.de\/wein2018\/wp-json\/wp\/v2\/comments?post=178"}],"version-history":[{"count":3,"href":"http:\/\/www.wolfgang-barina.de\/wein2018\/wp-json\/wp\/v2\/posts\/178\/revisions"}],"predecessor-version":[{"id":223,"href":"http:\/\/www.wolfgang-barina.de\/wein2018\/wp-json\/wp\/v2\/posts\/178\/revisions\/223"}],"wp:attachment":[{"href":"http:\/\/www.wolfgang-barina.de\/wein2018\/wp-json\/wp\/v2\/media?parent=178"}],"wp:term":[{"taxonomy":"category","embeddable":true,"href":"http:\/\/www.wolfgang-barina.de\/wein2018\/wp-json\/wp\/v2\/categories?post=178"},{"taxonomy":"post_tag","embeddable":true,"href":"http:\/\/www.wolfgang-barina.de\/wein2018\/wp-json\/wp\/v2\/tags?post=178"}],"curies":[{"name":"wp","href":"https:\/\/api.w.org\/{rel}","templated":true}]}}