{"id":163,"date":"2018-05-08T08:57:28","date_gmt":"2018-05-08T06:57:28","guid":{"rendered":"http:\/\/www.wolfgang-barina.de\/wein2018\/?p=163"},"modified":"2018-09-10T09:58:09","modified_gmt":"2018-09-10T07:58:09","slug":"8-mai-2018-anhaltend-unheimliches-wachstum","status":"publish","type":"post","link":"http:\/\/www.wolfgang-barina.de\/wein2018\/2018\/05\/08\/8-mai-2018-anhaltend-unheimliches-wachstum\/","title":{"rendered":"8. Mai 2018 &#8211; Anhaltend unheimliches Wachstum"},"content":{"rendered":"<h6>&lt;Gr\u00f6\u00dfere Abbildungen durch Anklicken der Fotos&gt;<\/h6>\n<p><img loading=\"lazy\" class=\"alignleft size-full wp-image-25\" src=\"http:\/\/www.wolfgang-barina.de\/wein2018\/wp-content\/uploads\/2018\/04\/trauben-e1524373364204.jpg\" alt=\"\" width=\"50\" height=\"60\" \/>Neue, heute mit E-Mail eingetroffene Fotos zeigen 70-80 cm lange Triebe, dicke Bl\u00fctenans\u00e4tze und voll entfaltete Bl\u00e4tter. Das war nach den letzten Berichten zu erwarten, \u00e4ndert aber nichts daran, dass man solches zu diesem Zeitpunkt des Jahres noch nicht gesehen hat.<\/p>\n<p>F\u00fcr das Jahr 2012 kann ich sogar einen direkten Vergleich anstellen: Sehr gut erinnere ich mich an den Morgen des 6. Mai. Raureif auf dem Gras vor dem Haus, die Fenster beschlagen, es ist ist empfindlich k\u00fchl. &#8222;Hast Du schon nach dem Deinem Wein geguckt?&#8220; fragt meine Mutter am Telefon von Deutschland her\u00fcber, nachdem ich ihr die \u00fcbliche Frage &#8222;Wie ist denn so das Wetter?&#8220; beantwortet habe.<\/p>\n<p><a href=\"http:\/\/www.wolfgang-barina.de\/wein2018\/wp-content\/uploads\/2018\/05\/2018-05-08-1.jpg\"><img loading=\"lazy\" class=\"alignnone wp-image-165 size-full\" src=\"http:\/\/www.wolfgang-barina.de\/wein2018\/wp-content\/uploads\/2018\/05\/2018-05-08-1.jpg\" alt=\"\" width=\"1000\" height=\"562\" srcset=\"http:\/\/www.wolfgang-barina.de\/wein2018\/wp-content\/uploads\/2018\/05\/2018-05-08-1.jpg 1000w, http:\/\/www.wolfgang-barina.de\/wein2018\/wp-content\/uploads\/2018\/05\/2018-05-08-1-300x169.jpg 300w, http:\/\/www.wolfgang-barina.de\/wein2018\/wp-content\/uploads\/2018\/05\/2018-05-08-1-768x432.jpg 768w\" sizes=\"(max-width: 1000px) 100vw, 1000px\" \/><\/a><\/p>\n<p>2012 waren wir noch etwas gr\u00fcn hinter den Ohren, was haben Nachtfrost und die Eisheiligen mit unserem Wein zu tun? Der war Ende April gerade ausgetrieben und hatte erste, knapp fingerlange sch\u00fcchterne Triebe. Ich tappe in eilig \u00fcbergest\u00fclpten Gummilatschen hoch zum Weingarten und ahne was passiert ist: zum gr\u00f6\u00dften Teil werden die jungen Triebe absterben. Nicht dass wir 2012 aus nachgewachsenen Trieben nicht noch einen besonders guten und konzentrierten Rotwein bekommen h\u00e4tten, aber ich habe nie vergessen, wie gro\u00df oder eben klein die Triebe an jenem 6. Mai 2012 waren. Und staune, wie weit sie in diesem Jahr zur etwa gleichen Zeit entwickelt sind. Und das von Null auf Hundert in etwa 4 Wochen (vgl. die Fotos im <a href=\"http:\/\/www.wolfgang-barina.de\/wein2018\/2018\/04\/20\/wein-4-dem-stock-nr-7-zum-abschied-tief-in-die-augen-geschaut\/\">Eintrag vom 7. April<\/a>!).<\/p>\n<p><a href=\"http:\/\/www.wolfgang-barina.de\/wein2018\/wp-content\/uploads\/2018\/05\/2018-05-08-2.jpg\"><img loading=\"lazy\" class=\"alignnone wp-image-166 size-full\" src=\"http:\/\/www.wolfgang-barina.de\/wein2018\/wp-content\/uploads\/2018\/05\/2018-05-08-2.jpg\" alt=\"\" width=\"1000\" height=\"562\" srcset=\"http:\/\/www.wolfgang-barina.de\/wein2018\/wp-content\/uploads\/2018\/05\/2018-05-08-2.jpg 1000w, http:\/\/www.wolfgang-barina.de\/wein2018\/wp-content\/uploads\/2018\/05\/2018-05-08-2-300x169.jpg 300w, http:\/\/www.wolfgang-barina.de\/wein2018\/wp-content\/uploads\/2018\/05\/2018-05-08-2-768x432.jpg 768w\" sizes=\"(max-width: 1000px) 100vw, 1000px\" \/><\/a><\/p>\n","protected":false},"excerpt":{"rendered":"<p>&lt;Gr\u00f6\u00dfere Abbildungen durch Anklicken der Fotos&gt; Neue, heute mit E-Mail eingetroffene Fotos zeigen 70-80 cm lange Triebe, dicke Bl\u00fctenans\u00e4tze und voll entfaltete Bl\u00e4tter. Das war nach den letzten Berichten zu erwarten, \u00e4ndert aber nichts daran, dass man solches zu diesem &hellip; <a href=\"http:\/\/www.wolfgang-barina.de\/wein2018\/2018\/05\/08\/8-mai-2018-anhaltend-unheimliches-wachstum\/\">Weiterlesen <span class=\"meta-nav\">&rarr;<\/span><\/a><\/p>\n","protected":false},"author":1,"featured_media":0,"comment_status":"closed","ping_status":"open","sticky":false,"template":"","format":"standard","meta":[],"categories":[1],"tags":[],"_links":{"self":[{"href":"http:\/\/www.wolfgang-barina.de\/wein2018\/wp-json\/wp\/v2\/posts\/163"}],"collection":[{"href":"http:\/\/www.wolfgang-barina.de\/wein2018\/wp-json\/wp\/v2\/posts"}],"about":[{"href":"http:\/\/www.wolfgang-barina.de\/wein2018\/wp-json\/wp\/v2\/types\/post"}],"author":[{"embeddable":true,"href":"http:\/\/www.wolfgang-barina.de\/wein2018\/wp-json\/wp\/v2\/users\/1"}],"replies":[{"embeddable":true,"href":"http:\/\/www.wolfgang-barina.de\/wein2018\/wp-json\/wp\/v2\/comments?post=163"}],"version-history":[{"count":12,"href":"http:\/\/www.wolfgang-barina.de\/wein2018\/wp-json\/wp\/v2\/posts\/163\/revisions"}],"predecessor-version":[{"id":183,"href":"http:\/\/www.wolfgang-barina.de\/wein2018\/wp-json\/wp\/v2\/posts\/163\/revisions\/183"}],"wp:attachment":[{"href":"http:\/\/www.wolfgang-barina.de\/wein2018\/wp-json\/wp\/v2\/media?parent=163"}],"wp:term":[{"taxonomy":"category","embeddable":true,"href":"http:\/\/www.wolfgang-barina.de\/wein2018\/wp-json\/wp\/v2\/categories?post=163"},{"taxonomy":"post_tag","embeddable":true,"href":"http:\/\/www.wolfgang-barina.de\/wein2018\/wp-json\/wp\/v2\/tags?post=163"}],"curies":[{"name":"wp","href":"https:\/\/api.w.org\/{rel}","templated":true}]}}