{"id":98,"date":"2015-05-29T09:35:08","date_gmt":"2015-05-29T09:35:08","guid":{"rendered":"http:\/\/www.wolfgang-barina.de\/drau\/?p=98"},"modified":"2018-05-25T16:45:39","modified_gmt":"2018-05-25T16:45:39","slug":"muehlstein-am-rad-das-gepaeck-alles-ganz-leicht","status":"publish","type":"post","link":"http:\/\/www.wolfgang-barina.de\/drau\/?p=98","title":{"rendered":"M\u00fchlstein am Rad? Das Gep\u00e4ck? Alles ganz leicht!"},"content":{"rendered":"<p>Uff, uff, puuuuh!<\/p>\n<p>Nach endlosen Gedankenspielen heute erstmals das &#8211; allerdings noch unvollst\u00e4ndige &#8211; Resultat auf die Waage gebracht: 8,7 kg.<br \/>\nEs werden also w\u00e4hrend der Reise um die 10 kg in insgesamt 3 Taschen am Gep\u00e4cktr\u00e4ger h\u00e4ngen.\u00a0(Auf dem Foto wirken die schwarzen Taschen schwerer. Das t\u00e4uscht, sie sind nur fluffy gef\u00fcllt.)<\/p>\n<p><a href=\"http:\/\/www.wolfgang-barina.de\/drau\/wp-content\/uploads\/2015\/05\/draugep\u00e4ck.jpg\"><img loading=\"lazy\" class=\"alignright size-full wp-image-99\" src=\"http:\/\/www.wolfgang-barina.de\/drau\/wp-content\/uploads\/2015\/05\/draugep\u00e4ck.jpg\" alt=\"draugep\u00e4ck\" width=\"359\" height=\"269\" srcset=\"http:\/\/www.wolfgang-barina.de\/drau\/wp-content\/uploads\/2015\/05\/draugep\u00e4ck.jpg 359w, http:\/\/www.wolfgang-barina.de\/drau\/wp-content\/uploads\/2015\/05\/draugep\u00e4ck-300x225.jpg 300w\" sizes=\"(max-width: 359px) 100vw, 359px\" \/><\/a>Da fehlen jetzt n\u00e4mlich nur noch eine \u00dcberjacke, eine lange Hose, ein paar (hyperleichte) Schuhe und ein paar Kleinigkeiten aus der K\u00f6rperpflege- und medizinischen Abteilung, die ich vorl\u00e4ufig noch so brauche.<\/p>\n<p>Das lange Rumschn\u00fcffeln bei Globetrotter, McTrek und anderen einschl\u00e4gigen Trendboutiquen f\u00fcr die zeitgem\u00e4\u00dfe Freizeitgestaltung hat sich am Ende ausgezahlt. Wer hat schon ein Handtuch, das gro\u00df ausgeklappt nur 80 gr wiegt oder Hemden, die einem vorkommen wie Watteb\u00e4uschen und in zack Sekunden w\u00e4hrend des Nachtschlafs trocknen??? Man muss zwar schnell vergessen, dass man jetzt pl\u00f6tzlich Marken-Botschafter von Nordgesicht, Mammut\u00a0und\u00a0Hans Wolfshaut geworden ist und vollsynthetische Kleidungsst\u00fccke mit entsprechenden Bickerln tr\u00e4gt, aber praktisch und vor allem LEICHT ist das schon. Und was ich da erst alles gesehen und nicht gekauft habe &#8230;&#8230;!?!??!? Nicht nur Ausstattung und \u00dcberlebensmittel, von denen man nicht wusste, dass es sie gibt, sondern auch Leute, die\u00a0 mannshohe Rucks\u00e4cke probetragen. Irre.<\/p>\n","protected":false},"excerpt":{"rendered":"<p>Uff, uff, puuuuh! Nach endlosen Gedankenspielen heute erstmals das &#8211; allerdings noch unvollst\u00e4ndige &#8211; Resultat auf die Waage gebracht: 8,7 kg. Es werden also w\u00e4hrend der Reise um die 10 kg in insgesamt 3 Taschen am Gep\u00e4cktr\u00e4ger h\u00e4ngen.\u00a0(Auf dem Foto<\/p>\n","protected":false},"author":2,"featured_media":0,"comment_status":"closed","ping_status":"closed","sticky":false,"template":"","format":"standard","meta":[],"categories":[2],"tags":[],"_links":{"self":[{"href":"http:\/\/www.wolfgang-barina.de\/drau\/index.php?rest_route=\/wp\/v2\/posts\/98"}],"collection":[{"href":"http:\/\/www.wolfgang-barina.de\/drau\/index.php?rest_route=\/wp\/v2\/posts"}],"about":[{"href":"http:\/\/www.wolfgang-barina.de\/drau\/index.php?rest_route=\/wp\/v2\/types\/post"}],"author":[{"embeddable":true,"href":"http:\/\/www.wolfgang-barina.de\/drau\/index.php?rest_route=\/wp\/v2\/users\/2"}],"replies":[{"embeddable":true,"href":"http:\/\/www.wolfgang-barina.de\/drau\/index.php?rest_route=%2Fwp%2Fv2%2Fcomments&post=98"}],"version-history":[{"count":2,"href":"http:\/\/www.wolfgang-barina.de\/drau\/index.php?rest_route=\/wp\/v2\/posts\/98\/revisions"}],"predecessor-version":[{"id":101,"href":"http:\/\/www.wolfgang-barina.de\/drau\/index.php?rest_route=\/wp\/v2\/posts\/98\/revisions\/101"}],"wp:attachment":[{"href":"http:\/\/www.wolfgang-barina.de\/drau\/index.php?rest_route=%2Fwp%2Fv2%2Fmedia&parent=98"}],"wp:term":[{"taxonomy":"category","embeddable":true,"href":"http:\/\/www.wolfgang-barina.de\/drau\/index.php?rest_route=%2Fwp%2Fv2%2Fcategories&post=98"},{"taxonomy":"post_tag","embeddable":true,"href":"http:\/\/www.wolfgang-barina.de\/drau\/index.php?rest_route=%2Fwp%2Fv2%2Ftags&post=98"}],"curies":[{"name":"wp","href":"https:\/\/api.w.org\/{rel}","templated":true}]}}