{"id":29,"date":"2015-03-10T11:16:47","date_gmt":"2015-03-10T11:16:47","guid":{"rendered":"http:\/\/www.wolfgang-barina.de\/drau\/?p=29"},"modified":"2018-05-25T16:48:30","modified_gmt":"2018-05-25T16:48:30","slug":"lange-schatten-ii-2","status":"publish","type":"post","link":"http:\/\/www.wolfgang-barina.de\/drau\/?p=29","title":{"rendered":"Lange Schatten II"},"content":{"rendered":"<figure id=\"attachment_30\" aria-describedby=\"caption-attachment-30\" style=\"width: 350px\" class=\"wp-caption alignright\"><img loading=\"lazy\" class=\"wp-image-30 size-full\" src=\"http:\/\/www.wolfgang-barina.de\/drau\/wp-content\/uploads\/2015\/04\/fahrrad-2014-Mosel.jpg\" alt=\"2014, Moself\u00e4hre\" width=\"350\" height=\"487\" srcset=\"http:\/\/www.wolfgang-barina.de\/drau\/wp-content\/uploads\/2015\/04\/fahrrad-2014-Mosel.jpg 350w, http:\/\/www.wolfgang-barina.de\/drau\/wp-content\/uploads\/2015\/04\/fahrrad-2014-Mosel-216x300.jpg 216w\" sizes=\"(max-width: 350px) 100vw, 350px\" \/><figcaption id=\"caption-attachment-30\" class=\"wp-caption-text\">2014, Moself\u00e4hre<\/figcaption><\/figure>\n<p>Heute das in letzter Zeit stark\u00a0 angeschmutzte\u00a0Ger\u00e4t gereinigt und eine Checkliste was alles so gemacht und \u00fcberpr\u00fcft werden m\u00fcsste angelegt:<\/p>\n<p>Rad putzen<br \/>\nSchrauben nachziehen<br \/>\nSattel?<br \/>\nSchuhe, Pedale<\/p>\n<p>Werkstatt:<\/p>\n<ul>\n<li>Speichen zentrieren<\/li>\n<li>Bremsen<\/li>\n<li>Schaltung (hakt!), Kette?<\/li>\n<li>Gabel vorne ???<\/li>\n<\/ul>\n","protected":false},"excerpt":{"rendered":"<p>Heute das in letzter Zeit stark\u00a0 angeschmutzte\u00a0Ger\u00e4t gereinigt und eine Checkliste was alles so gemacht und \u00fcberpr\u00fcft werden m\u00fcsste angelegt: Rad putzen Schrauben nachziehen Sattel? Schuhe, Pedale Werkstatt: Speichen zentrieren Bremsen Schaltung (hakt!), Kette? Gabel vorne ???<\/p>\n","protected":false},"author":2,"featured_media":0,"comment_status":"closed","ping_status":"closed","sticky":false,"template":"","format":"standard","meta":[],"categories":[2],"tags":[],"_links":{"self":[{"href":"http:\/\/www.wolfgang-barina.de\/drau\/index.php?rest_route=\/wp\/v2\/posts\/29"}],"collection":[{"href":"http:\/\/www.wolfgang-barina.de\/drau\/index.php?rest_route=\/wp\/v2\/posts"}],"about":[{"href":"http:\/\/www.wolfgang-barina.de\/drau\/index.php?rest_route=\/wp\/v2\/types\/post"}],"author":[{"embeddable":true,"href":"http:\/\/www.wolfgang-barina.de\/drau\/index.php?rest_route=\/wp\/v2\/users\/2"}],"replies":[{"embeddable":true,"href":"http:\/\/www.wolfgang-barina.de\/drau\/index.php?rest_route=%2Fwp%2Fv2%2Fcomments&post=29"}],"version-history":[{"count":2,"href":"http:\/\/www.wolfgang-barina.de\/drau\/index.php?rest_route=\/wp\/v2\/posts\/29\/revisions"}],"predecessor-version":[{"id":32,"href":"http:\/\/www.wolfgang-barina.de\/drau\/index.php?rest_route=\/wp\/v2\/posts\/29\/revisions\/32"}],"wp:attachment":[{"href":"http:\/\/www.wolfgang-barina.de\/drau\/index.php?rest_route=%2Fwp%2Fv2%2Fmedia&parent=29"}],"wp:term":[{"taxonomy":"category","embeddable":true,"href":"http:\/\/www.wolfgang-barina.de\/drau\/index.php?rest_route=%2Fwp%2Fv2%2Fcategories&post=29"},{"taxonomy":"post_tag","embeddable":true,"href":"http:\/\/www.wolfgang-barina.de\/drau\/index.php?rest_route=%2Fwp%2Fv2%2Ftags&post=29"}],"curies":[{"name":"wp","href":"https:\/\/api.w.org\/{rel}","templated":true}]}}