{"id":25,"date":"2015-04-01T11:06:52","date_gmt":"2015-04-01T11:06:52","guid":{"rendered":"http:\/\/www.wolfgang-barina.de\/drau\/?p=25"},"modified":"2018-05-25T16:48:16","modified_gmt":"2018-05-25T16:48:16","slug":"lange-schatten-iii","status":"publish","type":"post","link":"http:\/\/www.wolfgang-barina.de\/drau\/?p=25","title":{"rendered":"Lange Schatten III"},"content":{"rendered":"<p>Gestern sprach ich mit einem Freund ein wenig \u00fcber meine Radtour. Er meinte, vielleicht k\u00f6nnte man aus meiner Abreise aus Frankfurt einen kleinen Event machen und mich ein paar Kilometer aus der Stadt heraus begleiten.<br \/>\nIch habe mir das dann noch einmal angesehen und f\u00fcr Start der Reise und die ersten Etappen ein paar Entscheidungen getroffen:<\/p>\n<ul>\n<li>Ich starte am Samstag, den 13. Juni am fr\u00fchen Vormittag ab Hermannstr. 11. Tagesziel ist Amorbach. Ich fahre am Main entlang \u00fcber Miltenberg. \u00dcbernachtung bei einem Ex-Kollegen, der jetzt dort wohnt. Tagespensum ca. 90 km.<\/li>\n<li>F\u00fcr Sonntag, 14. Juni ist die Weiterfahrt bis oder rund um Schrozberg\/Baden-W\u00fc. vorgesehen, \u00fcber Walld\u00fcrn, Boxberg etc. \u00dcbernachtung wahrschlich in Blaufelden, \u201eHirsch\u201c. Alternativ kommen in der Gegend dann nur Rothenburg oder Langenburg in Frage. Tagespensum ca. 90 km.<\/li>\n<li>Am Montag, 15. Juni, geht es weiter bis etwa Oettingen (Bayern), \u00fcber Feuchtwangen etc. Tagespensum ca. 90 km.<\/li>\n<li>Dienstag, 16. August, sieht mich dann abends nach weiteren 82 km schon in Augsburg.<\/li>\n<li>Tag 5, Dienstag 15. Juni, geht es weiter \u00fcber Landsberg\/Lech und Schongau, bis Rottenbuch. (Tagespensum ca. 90 km)<\/li>\n<\/ul>\n<p>Danach kommt die erste Alpenquerung von Garmisch nach Telfs oder Innsbruck. Je nachdem wie ich mich nach Augsburg\/Rottenbuch f\u00fchle, mache ich vor der ersten \u00dcberquerung einen Tag Pause oder nehme den \u201eSchwung\u201c mit.<\/p>\n<p>Sehen wir mal ob das im Juni dann tats\u00e4chlich so l\u00e4uft, w\u00fcrde\u00a0 mich \u00fcber Begleitung beim \u201eAuszug freuen\u201c.<\/p>\n","protected":false},"excerpt":{"rendered":"<p>Gestern sprach ich mit einem Freund ein wenig \u00fcber meine Radtour. Er meinte, vielleicht k\u00f6nnte man aus meiner Abreise aus Frankfurt einen kleinen Event machen und mich ein paar Kilometer aus der Stadt heraus begleiten. Ich habe mir das dann<\/p>\n","protected":false},"author":2,"featured_media":0,"comment_status":"closed","ping_status":"closed","sticky":false,"template":"","format":"standard","meta":[],"categories":[2],"tags":[],"_links":{"self":[{"href":"http:\/\/www.wolfgang-barina.de\/drau\/index.php?rest_route=\/wp\/v2\/posts\/25"}],"collection":[{"href":"http:\/\/www.wolfgang-barina.de\/drau\/index.php?rest_route=\/wp\/v2\/posts"}],"about":[{"href":"http:\/\/www.wolfgang-barina.de\/drau\/index.php?rest_route=\/wp\/v2\/types\/post"}],"author":[{"embeddable":true,"href":"http:\/\/www.wolfgang-barina.de\/drau\/index.php?rest_route=\/wp\/v2\/users\/2"}],"replies":[{"embeddable":true,"href":"http:\/\/www.wolfgang-barina.de\/drau\/index.php?rest_route=%2Fwp%2Fv2%2Fcomments&post=25"}],"version-history":[{"count":3,"href":"http:\/\/www.wolfgang-barina.de\/drau\/index.php?rest_route=\/wp\/v2\/posts\/25\/revisions"}],"predecessor-version":[{"id":28,"href":"http:\/\/www.wolfgang-barina.de\/drau\/index.php?rest_route=\/wp\/v2\/posts\/25\/revisions\/28"}],"wp:attachment":[{"href":"http:\/\/www.wolfgang-barina.de\/drau\/index.php?rest_route=%2Fwp%2Fv2%2Fmedia&parent=25"}],"wp:term":[{"taxonomy":"category","embeddable":true,"href":"http:\/\/www.wolfgang-barina.de\/drau\/index.php?rest_route=%2Fwp%2Fv2%2Fcategories&post=25"},{"taxonomy":"post_tag","embeddable":true,"href":"http:\/\/www.wolfgang-barina.de\/drau\/index.php?rest_route=%2Fwp%2Fv2%2Ftags&post=25"}],"curies":[{"name":"wp","href":"https:\/\/api.w.org\/{rel}","templated":true}]}}