{"id":128,"date":"2015-06-11T06:00:59","date_gmt":"2015-06-11T06:00:59","guid":{"rendered":"http:\/\/www.wolfgang-barina.de\/drau\/?p=128"},"modified":"2018-05-25T16:57:49","modified_gmt":"2018-05-25T16:57:49","slug":"tag-6-von-lenggries-nach-mittenwald-innsbruck","status":"publish","type":"post","link":"http:\/\/www.wolfgang-barina.de\/drau\/?p=128","title":{"rendered":"Tag 6 &#8211; Lengries (Ruhetag)"},"content":{"rendered":"<p>Dienstag, 16. Juni 2015<br \/>\n<strong><br \/>\nWie es war, was geschah<\/strong><\/p>\n<p>Gestern beschlossen, bei Aussicht auf schlechtes Wetter auf keinen Fall weiterzufahren und es mir in meinem Zimmer gut gehen zu lassen. Das Haus riecht ein bisschen wie Altreier Hof, die Insider wissen was ich meine, das hat es leicht gemacht.<\/p>\n<p>Ein paar Spazierg\u00e4nge durch das wolkenverhangene Dorf, dabei mit etwas Schokolade f\u00fcr die Angestellten in einer Fotohandlung das Tablet-Problem final gel\u00f6st: habe die Bilder von einer SD auf eine Mikro-SD-Karte umkopieren lassen, die ich fortan mit Adapter in der Kamera und ohne auf dem Tablet benutzen kann. Alles ist gut. Nette Pl\u00e4usche hier und da, Wei\u00dfwurst zu Mittag. Ansonstent stundenlang home office und den Blog f\u00fcr die letzten Tage nachgearbeitet. Nervig, WP l\u00e4uft nicht gerade rund auf dieser Maschine.<\/p>\n<p>Pl\u00e4ne f\u00fcr morgen gefasst: nach einer kurzen Fotorunde durch das Dorf bei hoffentlich weniger Wolken und mehr Bergen 50 km nach Mittenwald mit dem Rad, m\u00f6glichst fr\u00fch und dort direkt weiter mit dem Zug nach Innsbruck. Dort in die n\u00e4chste Bahn auf den Brenner und mit dem Rad runter nach Italien soweit ich an diesem Tag kommen kann und will. Der vorgesehene Ruhetag in Innsbruck entf\u00e4llt ersatzlos. Pause war heute und ich will in keine Gro\u00dfstadt mehr rein.<\/p>\n<p>Packe und lege vor dem Abendessen alles zurecht, freue mich, dass es jetzt z\u00fcgig an den Kern der Sache geht. K\u00f6nnte in 3 Tagen an der Drau sein.<\/p>\n<p>Ein paar Bilder vom Tage:<\/p>\n<figure id=\"attachment_218\" aria-describedby=\"caption-attachment-218\" style=\"width: 720px\" class=\"wp-caption alignleft\"><a href=\"http:\/\/www.wolfgang-barina.de\/drau\/wp-content\/uploads\/2015\/06\/IMG_2928-e1434451041900.jpg\"><img loading=\"lazy\" class=\"wp-image-218 size-large\" src=\"http:\/\/www.wolfgang-barina.de\/drau\/wp-content\/uploads\/2015\/06\/IMG_2928-1024x768.jpg\" alt=\"Muikanderl\" width=\"720\" height=\"540\" \/><\/a><figcaption id=\"caption-attachment-218\" class=\"wp-caption-text\">Muikanderl<\/figcaption><\/figure>\n<figure id=\"attachment_219\" aria-describedby=\"caption-attachment-219\" style=\"width: 720px\" class=\"wp-caption alignleft\"><a href=\"http:\/\/www.wolfgang-barina.de\/drau\/wp-content\/uploads\/2015\/06\/IMG_2929-e1434451132168.jpg\"><img loading=\"lazy\" class=\"wp-image-219 size-large\" src=\"http:\/\/www.wolfgang-barina.de\/drau\/wp-content\/uploads\/2015\/06\/IMG_2929-1024x768.jpg\" alt=\"IMG_2929\" width=\"720\" height=\"540\" \/><\/a><figcaption id=\"caption-attachment-219\" class=\"wp-caption-text\">Sauber.<\/figcaption><\/figure>\n<figure id=\"attachment_217\" aria-describedby=\"caption-attachment-217\" style=\"width: 720px\" class=\"wp-caption alignleft\"><a href=\"http:\/\/www.wolfgang-barina.de\/drau\/wp-content\/uploads\/2015\/06\/IMG_2927-e1434450896462.jpg\"><img loading=\"lazy\" class=\"wp-image-217 size-large\" src=\"http:\/\/www.wolfgang-barina.de\/drau\/wp-content\/uploads\/2015\/06\/IMG_2927-1024x768.jpg\" alt=\"Downtown, off mainroad\" width=\"720\" height=\"540\" \/><\/a><figcaption id=\"caption-attachment-217\" class=\"wp-caption-text\">Downtown, off mainroad<\/figcaption><\/figure>\n<figure id=\"attachment_216\" aria-describedby=\"caption-attachment-216\" style=\"width: 720px\" class=\"wp-caption alignleft\"><a href=\"http:\/\/www.wolfgang-barina.de\/drau\/wp-content\/uploads\/2015\/06\/IMG_2921-e1434450796271.jpg\"><img loading=\"lazy\" class=\"wp-image-216 size-large\" src=\"http:\/\/www.wolfgang-barina.de\/drau\/wp-content\/uploads\/2015\/06\/IMG_2921-1024x768.jpg\" alt=\"IMG_2921\" width=\"720\" height=\"540\" \/><\/a><figcaption id=\"caption-attachment-216\" class=\"wp-caption-text\">Nicht geht ohne den lieben Gott in Lengries<\/figcaption><\/figure>\n<p>&nbsp;<\/p>\n<p>&nbsp;<\/p>\n<p>&nbsp;<\/p>\n","protected":false},"excerpt":{"rendered":"<p>Dienstag, 16. Juni 2015 Wie es war, was geschah Gestern beschlossen, bei Aussicht auf schlechtes Wetter auf keinen Fall weiterzufahren und es mir in meinem Zimmer gut gehen zu lassen. Das Haus riecht ein bisschen wie Altreier Hof, die Insider<\/p>\n","protected":false},"author":2,"featured_media":0,"comment_status":"closed","ping_status":"closed","sticky":false,"template":"","format":"standard","meta":[],"categories":[6],"tags":[],"_links":{"self":[{"href":"http:\/\/www.wolfgang-barina.de\/drau\/index.php?rest_route=\/wp\/v2\/posts\/128"}],"collection":[{"href":"http:\/\/www.wolfgang-barina.de\/drau\/index.php?rest_route=\/wp\/v2\/posts"}],"about":[{"href":"http:\/\/www.wolfgang-barina.de\/drau\/index.php?rest_route=\/wp\/v2\/types\/post"}],"author":[{"embeddable":true,"href":"http:\/\/www.wolfgang-barina.de\/drau\/index.php?rest_route=\/wp\/v2\/users\/2"}],"replies":[{"embeddable":true,"href":"http:\/\/www.wolfgang-barina.de\/drau\/index.php?rest_route=%2Fwp%2Fv2%2Fcomments&post=128"}],"version-history":[{"count":7,"href":"http:\/\/www.wolfgang-barina.de\/drau\/index.php?rest_route=\/wp\/v2\/posts\/128\/revisions"}],"predecessor-version":[{"id":741,"href":"http:\/\/www.wolfgang-barina.de\/drau\/index.php?rest_route=\/wp\/v2\/posts\/128\/revisions\/741"}],"wp:attachment":[{"href":"http:\/\/www.wolfgang-barina.de\/drau\/index.php?rest_route=%2Fwp%2Fv2%2Fmedia&parent=128"}],"wp:term":[{"taxonomy":"category","embeddable":true,"href":"http:\/\/www.wolfgang-barina.de\/drau\/index.php?rest_route=%2Fwp%2Fv2%2Fcategories&post=128"},{"taxonomy":"post_tag","embeddable":true,"href":"http:\/\/www.wolfgang-barina.de\/drau\/index.php?rest_route=%2Fwp%2Fv2%2Ftags&post=128"}],"curies":[{"name":"wp","href":"https:\/\/api.w.org\/{rel}","templated":true}]}}