{"id":110,"date":"2015-06-11T05:22:20","date_gmt":"2015-06-11T05:22:20","guid":{"rendered":"http:\/\/www.wolfgang-barina.de\/drau\/?p=110"},"modified":"2018-05-25T16:45:28","modified_gmt":"2018-05-25T16:45:28","slug":"tag-1","status":"publish","type":"post","link":"http:\/\/www.wolfgang-barina.de\/drau\/?p=110","title":{"rendered":"Tag 1 &#8211; Von Frankfurt nach Amorbach"},"content":{"rendered":"<p>Donnerstag, 11. Juni 2015<\/p>\n<p><strong>Der Plan<\/strong><\/p>\n<p>Frankfurt \u2013 Amorbach, bis Miltenberg entlang des Mains, eventuell ein paar Flussschleifen abk\u00fcrzen.<br \/>\nEtappe veranschlagt mit 90-100 km.<\/p>\n<p><strong>Wie es war, was geschah<\/strong><\/p>\n<figure id=\"attachment_141\" aria-describedby=\"caption-attachment-141\" style=\"width: 225px\" class=\"wp-caption alignright\"><a href=\"http:\/\/www.wolfgang-barina.de\/drau\/wp-content\/uploads\/2015\/06\/IMG_2723-e1434126855210.jpg\"><img loading=\"lazy\" class=\"wp-image-141 size-medium\" src=\"http:\/\/www.wolfgang-barina.de\/drau\/wp-content\/uploads\/2015\/06\/IMG_2723-e1434126855210-225x300.jpg\" alt=\"IMG_2723\" width=\"225\" height=\"300\" srcset=\"http:\/\/www.wolfgang-barina.de\/drau\/wp-content\/uploads\/2015\/06\/IMG_2723-e1434126855210-225x300.jpg 225w, http:\/\/www.wolfgang-barina.de\/drau\/wp-content\/uploads\/2015\/06\/IMG_2723-e1434126855210.jpg 750w\" sizes=\"(max-width: 225px) 100vw, 225px\" \/><\/a><figcaption id=\"caption-attachment-141\" class=\"wp-caption-text\">Wie rauf und runter??<\/figcaption><\/figure>\n<p>Abfahrt in Frankfurt gegen 9 Uhr, Verabschiedung wie im falschen Film. \u201eWas mache ich in dieser Verkleidung?\u201c. Gem\u00fctlich-z\u00f6gerlich durchs Nordend und Bornheim, durch die einkaufenden und kinderwagenschiebenden M\u00fctter auf dem Friedberger Platz, \u00fcber den Sandweg, nur nicht mit den breiten Taschen ansto\u00dfen, ganz vorsichtig mit dem Lastfahrrad. Ich bin der Brummi.<br \/>\nDas lockert sich langsam hinter Fechenheim am Mainufer. SMS von RK, der sich f\u00fcr das Wetter lobt. In der Tat: Sensationelles Radwetter, nur der Wind bl\u00e4st durchg\u00e4ngig in Gegenrichtung. Egal.<\/p>\n<p>Auf der Strecke viele Paare zwischen 50 und 70. Man gr\u00fc\u00dft sich: \u201etn&#8217;Mor!-gen!\u201c.<\/p>\n<p>Es l\u00e4uft alles locker, trotz Erk\u00e4ltung, erst ab Kilometer 90, kurz vor Amorbach werden die Beine matt. Unterwegs eine unbefriedigende Currywurst-Pommes-Majo, ein Campingplatz bei W\u00f6rth am Main: \u201eBefahren des Lokals verboten!\u201c.<\/p>\n<p>Empfang und sensationelle Unterbringung bei Familie H. in Amorbach. Wir sitzen auf der Veranda wie auf einer erh\u00f6hten Warte mit freiem Blick auf den Hang gegen\u00fcber, hinunter ins Tal und den steil aufsteigenden fr\u00fchsommergr\u00fcnen Odenwald. Falken greifen Bussarde an, den ganzen Abend, immer wieder.<\/p>\n<figure id=\"attachment_143\" aria-describedby=\"caption-attachment-143\" style=\"width: 300px\" class=\"wp-caption alignright\"><a href=\"http:\/\/www.wolfgang-barina.de\/drau\/wp-content\/uploads\/2015\/06\/IMG_2745-e1434127095186.jpg\"><img loading=\"lazy\" class=\"wp-image-143 size-medium\" src=\"http:\/\/www.wolfgang-barina.de\/drau\/wp-content\/uploads\/2015\/06\/IMG_2745-300x225.jpg\" alt=\"IMG_2745\" width=\"300\" height=\"225\" \/><\/a><figcaption id=\"caption-attachment-143\" class=\"wp-caption-text\">Webergrill, Hans, Plancha<\/figcaption><\/figure>\n<p>Wir sitzen bei dunklem Bier und Ros\u00e9 vom nahen fr\u00e4nkischen Main bis gegen 22 Uhr und in die D\u00e4mmerung hinein, Hans, Christine, zeitweise ein weiterer Wolfgang, und ich und erz\u00e4hlen von Gott und vor allem der Welt und zwar sprichw\u00f6rtlich und wie gut es uns doch geht.<\/p>\n<p>Das Wichtigste aber: Hans hat sich f\u00fcr seinen Webergrill statt Rost eine Plancha gefertigt.<\/p>\n<p>Man lernt nie aus.<\/p>\n<p>Zum Abendessen Schinken, Melone, Wei\u00dfbrot. Wunderbar.<\/p>\n<p><strong>Zahlen<\/strong><\/p>\n<p>Tageskilometer: 101<br \/>\nGesamtkilometer: 101<br \/>\nFahrzeit heute: ca. 6 Stunden<\/p>\n","protected":false},"excerpt":{"rendered":"<p>Donnerstag, 11. Juni 2015 Der Plan Frankfurt \u2013 Amorbach, bis Miltenberg entlang des Mains, eventuell ein paar Flussschleifen abk\u00fcrzen. Etappe veranschlagt mit 90-100 km. Wie es war, was geschah Abfahrt in Frankfurt gegen 9 Uhr, Verabschiedung wie im falschen Film.<\/p>\n","protected":false},"author":2,"featured_media":0,"comment_status":"closed","ping_status":"closed","sticky":false,"template":"","format":"standard","meta":[],"categories":[6],"tags":[],"_links":{"self":[{"href":"http:\/\/www.wolfgang-barina.de\/drau\/index.php?rest_route=\/wp\/v2\/posts\/110"}],"collection":[{"href":"http:\/\/www.wolfgang-barina.de\/drau\/index.php?rest_route=\/wp\/v2\/posts"}],"about":[{"href":"http:\/\/www.wolfgang-barina.de\/drau\/index.php?rest_route=\/wp\/v2\/types\/post"}],"author":[{"embeddable":true,"href":"http:\/\/www.wolfgang-barina.de\/drau\/index.php?rest_route=\/wp\/v2\/users\/2"}],"replies":[{"embeddable":true,"href":"http:\/\/www.wolfgang-barina.de\/drau\/index.php?rest_route=%2Fwp%2Fv2%2Fcomments&post=110"}],"version-history":[{"count":16,"href":"http:\/\/www.wolfgang-barina.de\/drau\/index.php?rest_route=\/wp\/v2\/posts\/110\/revisions"}],"predecessor-version":[{"id":717,"href":"http:\/\/www.wolfgang-barina.de\/drau\/index.php?rest_route=\/wp\/v2\/posts\/110\/revisions\/717"}],"wp:attachment":[{"href":"http:\/\/www.wolfgang-barina.de\/drau\/index.php?rest_route=%2Fwp%2Fv2%2Fmedia&parent=110"}],"wp:term":[{"taxonomy":"category","embeddable":true,"href":"http:\/\/www.wolfgang-barina.de\/drau\/index.php?rest_route=%2Fwp%2Fv2%2Fcategories&post=110"},{"taxonomy":"post_tag","embeddable":true,"href":"http:\/\/www.wolfgang-barina.de\/drau\/index.php?rest_route=%2Fwp%2Fv2%2Ftags&post=110"}],"curies":[{"name":"wp","href":"https:\/\/api.w.org\/{rel}","templated":true}]}}