{"id":1,"date":"2015-01-25T09:42:01","date_gmt":"2015-01-25T09:42:01","guid":{"rendered":"http:\/\/www.wolfgang-barina.de\/drau\/?p=1"},"modified":"2018-05-25T16:48:35","modified_gmt":"2018-05-25T16:48:35","slug":"hallo-welt","status":"publish","type":"post","link":"http:\/\/www.wolfgang-barina.de\/drau\/?p=1","title":{"rendered":"Lange Schatten"},"content":{"rendered":"<p><img loading=\"lazy\" class=\"alignright wp-image-7\" src=\"http:\/\/www.wolfgang-barina.de\/drau\/wp-content\/uploads\/2015\/01\/training-janaur-2015-2-200x300.jpg\" alt=\"training-janaur-2015-2\" width=\"300\" height=\"450\" srcset=\"http:\/\/www.wolfgang-barina.de\/drau\/wp-content\/uploads\/2015\/01\/training-janaur-2015-2-200x300.jpg 200w, http:\/\/www.wolfgang-barina.de\/drau\/wp-content\/uploads\/2015\/01\/training-janaur-2015-2.jpg 600w\" sizes=\"(max-width: 300px) 100vw, 300px\" \/>Auf dem Foto liegt ein langer Schatten.<\/p>\n<p>Nein, das ist nicht mein offizielles Fassenachtskost\u00fcm und ich will auch keine Kinder erschrecken. Das ist Fahrradtraining bei (fast) jedem Wetter. Ich habe n\u00e4mlich ein Zeitfenster in mein Jahr f\u00fcr die Tour \u00fcber die Alpen, entlang der Drau zur M\u00fcndung in die Donau und schlie\u00dflich nach Mucsi in das Jahr 2015 eingebaut und ge\u00f6ffnet.<\/p>\n<p>So nicht irgendwas dazwischen kommt fahre ich in der Woche ab dem 15. Juni hier in Frankfurt ab und komme irgendwann ab und um den 6. Juli in Mucsi an. Aber nur wenn ich bis dahin ein paar Muckies an den Beinen und im Kopf habe und deswegen kann es nicht zu fr\u00fch sein, meinen K\u00f6rper an den Gedanken zu gew\u00f6hnen. Ich gehe ab sofort und bis das Wetter wieder besser wird so 1-2 mal die Woche in diesem Gewand auf die Stra\u00dfe. Sp\u00e4ter mache ich sicher auch mal 2-3-Tagestouren.<\/p>\n","protected":false},"excerpt":{"rendered":"<p>Auf dem Foto liegt ein langer Schatten. Nein, das ist nicht mein offizielles Fassenachtskost\u00fcm und ich will auch keine Kinder erschrecken. Das ist Fahrradtraining bei (fast) jedem Wetter. Ich habe n\u00e4mlich ein Zeitfenster in mein Jahr f\u00fcr die Tour \u00fcber<\/p>\n","protected":false},"author":2,"featured_media":0,"comment_status":"closed","ping_status":"closed","sticky":false,"template":"","format":"standard","meta":[],"categories":[2],"tags":[],"_links":{"self":[{"href":"http:\/\/www.wolfgang-barina.de\/drau\/index.php?rest_route=\/wp\/v2\/posts\/1"}],"collection":[{"href":"http:\/\/www.wolfgang-barina.de\/drau\/index.php?rest_route=\/wp\/v2\/posts"}],"about":[{"href":"http:\/\/www.wolfgang-barina.de\/drau\/index.php?rest_route=\/wp\/v2\/types\/post"}],"author":[{"embeddable":true,"href":"http:\/\/www.wolfgang-barina.de\/drau\/index.php?rest_route=\/wp\/v2\/users\/2"}],"replies":[{"embeddable":true,"href":"http:\/\/www.wolfgang-barina.de\/drau\/index.php?rest_route=%2Fwp%2Fv2%2Fcomments&post=1"}],"version-history":[{"count":6,"href":"http:\/\/www.wolfgang-barina.de\/drau\/index.php?rest_route=\/wp\/v2\/posts\/1\/revisions"}],"predecessor-version":[{"id":12,"href":"http:\/\/www.wolfgang-barina.de\/drau\/index.php?rest_route=\/wp\/v2\/posts\/1\/revisions\/12"}],"wp:attachment":[{"href":"http:\/\/www.wolfgang-barina.de\/drau\/index.php?rest_route=%2Fwp%2Fv2%2Fmedia&parent=1"}],"wp:term":[{"taxonomy":"category","embeddable":true,"href":"http:\/\/www.wolfgang-barina.de\/drau\/index.php?rest_route=%2Fwp%2Fv2%2Fcategories&post=1"},{"taxonomy":"post_tag","embeddable":true,"href":"http:\/\/www.wolfgang-barina.de\/drau\/index.php?rest_route=%2Fwp%2Fv2%2Ftags&post=1"}],"curies":[{"name":"wp","href":"https:\/\/api.w.org\/{rel}","templated":true}]}}