{"id":997,"date":"2020-03-31T18:31:30","date_gmt":"2020-03-31T18:31:30","guid":{"rendered":"http:\/\/www.wolfgang-barina.de\/donnerstach\/?p=997"},"modified":"2020-03-31T18:32:22","modified_gmt":"2020-03-31T18:32:22","slug":"die-sicht-am-fruehen-morgen","status":"publish","type":"post","link":"http:\/\/www.wolfgang-barina.de\/donnerstach\/?p=997","title":{"rendered":"Die Sicht am fr\u00fchen Morgen"},"content":{"rendered":"<p><strong>Die Sicht am fr\u00fchen Morgen<br \/>\n<\/strong>Nebelfr\u00fchs im Licht<br \/>\nEingefroren in die Nebelsonn<br \/>\nNoch verschwommner<br \/>\nDas Konturenklar<br \/>\nMet um Meter vorw\u00e4rts<br \/>\nSo nebelts wabernde Ge\u00e4st<br \/>\nSiebelt und breitelt vor sich hin<br \/>\nWiderhall schiebt<br \/>\nEin Pfund Glockenklang<br \/>\nDicht vor sich her<\/p>\n","protected":false},"excerpt":{"rendered":"<p>Die Sicht am fr\u00fchen Morgen Nebelfr\u00fchs im Licht Eingefroren in die Nebelsonn Noch verschwommner Das Konturenklar Met um Meter vorw\u00e4rts So nebelts wabernde Ge\u00e4st Siebelt und breitelt vor sich hin Widerhall schiebt Ein Pfund Glockenklang Dicht vor sich her<\/p>\n","protected":false},"author":3,"featured_media":0,"comment_status":"closed","ping_status":"open","sticky":false,"template":"","format":"standard","meta":{"footnotes":""},"categories":[15],"tags":[],"_links":{"self":[{"href":"http:\/\/www.wolfgang-barina.de\/donnerstach\/index.php?rest_route=\/wp\/v2\/posts\/997"}],"collection":[{"href":"http:\/\/www.wolfgang-barina.de\/donnerstach\/index.php?rest_route=\/wp\/v2\/posts"}],"about":[{"href":"http:\/\/www.wolfgang-barina.de\/donnerstach\/index.php?rest_route=\/wp\/v2\/types\/post"}],"author":[{"embeddable":true,"href":"http:\/\/www.wolfgang-barina.de\/donnerstach\/index.php?rest_route=\/wp\/v2\/users\/3"}],"replies":[{"embeddable":true,"href":"http:\/\/www.wolfgang-barina.de\/donnerstach\/index.php?rest_route=%2Fwp%2Fv2%2Fcomments&post=997"}],"version-history":[{"count":2,"href":"http:\/\/www.wolfgang-barina.de\/donnerstach\/index.php?rest_route=\/wp\/v2\/posts\/997\/revisions"}],"predecessor-version":[{"id":999,"href":"http:\/\/www.wolfgang-barina.de\/donnerstach\/index.php?rest_route=\/wp\/v2\/posts\/997\/revisions\/999"}],"wp:attachment":[{"href":"http:\/\/www.wolfgang-barina.de\/donnerstach\/index.php?rest_route=%2Fwp%2Fv2%2Fmedia&parent=997"}],"wp:term":[{"taxonomy":"category","embeddable":true,"href":"http:\/\/www.wolfgang-barina.de\/donnerstach\/index.php?rest_route=%2Fwp%2Fv2%2Fcategories&post=997"},{"taxonomy":"post_tag","embeddable":true,"href":"http:\/\/www.wolfgang-barina.de\/donnerstach\/index.php?rest_route=%2Fwp%2Fv2%2Ftags&post=997"}],"curies":[{"name":"wp","href":"https:\/\/api.w.org\/{rel}","templated":true}]}}