{"id":684,"date":"2013-03-07T04:47:58","date_gmt":"2013-03-07T04:47:58","guid":{"rendered":"http:\/\/www.donnerstach.de\/?p=684"},"modified":"2013-03-07T04:48:51","modified_gmt":"2013-03-07T04:48:51","slug":"die-gall-laaft-ubber","status":"publish","type":"post","link":"http:\/\/www.wolfgang-barina.de\/donnerstach\/?p=684","title":{"rendered":"DIE GALL L\u00c4\u00c4FT \u00dcBBER!"},"content":{"rendered":"<p><strong>Frankfurt braucht ein Volkstheater<\/strong><\/p>\n<p>Das Schauspiel Frankfurt \u00f6ffnet am<br \/>\n<span style=\"color: #ff0000;\"><strong>Sonntag, 10. M\u00e4rz 2013 um 11 Uhr<br \/>\n<\/strong><\/span>seine B\u00fchne f\u00fcr eine Sonder-Matinee f\u00fcr die \u00bbFliegende Volksb\u00fchne\u00ab.<\/p>\n<p>Anlass sind die aktuellen Vorschl\u00e4ge der Sparkommission des Frankfurter Magistrats, die u.a. vorsehen, den lange geplanten Neubau f\u00fcr das Volkstheater zu streichen. Im Paradieshof in Frankfurt-Sachsenhausen sollte der Frankfurter Theatermacher und Mundart-K\u00fcnstler Michael Quast mit seiner \u00bbFliegenden Volksb\u00fchne\u00ab eine l\u00e4ngst \u00fcberf\u00e4llige feste Spielst\u00e4tte finden.<\/p>\n<p>Michael Quast, Kulturdezernent Prof. Dr. Felix Semmelroth, Schauspiel-Intendant Oliver Reese und verschiedene Frankfurter Kultur- und Theaterschaffende m\u00f6chten nun im Rahmen einer Matinee die Bedeutung der Mundarttradition f\u00fcr Frankfurt und die besondere k\u00fcnstlerische Arbeit der \u00bbFliegenden Volksb\u00fchne\u00ab hervorheben und damit der gemeinsamen Forderung nach einer festen Spielst\u00e4tte f\u00fcr die \u00bbFliegende Volksb\u00fchne\u00ab Ausdruck verleihen.<\/p>\n<p>Auf der B\u00fchne des Schauspielhauses werden k\u00fcnstlerische und musikalische Beitr\u00e4ge der \u00bbFliegenden Volksb\u00fchne\u00ab und von Ensemblemitgliedern des Schauspiel Frankfurt zu sehen sein.<\/p>\n<p>EINTRITT FREI<\/p>\n<p><a href=\"http:\/\/www.fliegendevolksbuehne.de\/\" target=\"_blank\">http:\/\/www.fliegendevolksbuehne.de\/<\/a><br \/>\n<a href=\"http:\/\/www.schauspielfrankfurt.de\/\" target=\"_blank\">http:\/\/www.schauspielfrankfurt.de\/<\/a><\/p>\n","protected":false},"excerpt":{"rendered":"<p>Frankfurt braucht ein Volkstheater &#8230;. <a class=\"more-link\" href=\"http:\/\/www.wolfgang-barina.de\/donnerstach\/?p=684\">weiterlesen&#8230;<\/a><\/p>\n","protected":false},"author":7,"featured_media":0,"comment_status":"open","ping_status":"open","sticky":false,"template":"","format":"standard","meta":{"footnotes":""},"categories":[14],"tags":[],"_links":{"self":[{"href":"http:\/\/www.wolfgang-barina.de\/donnerstach\/index.php?rest_route=\/wp\/v2\/posts\/684"}],"collection":[{"href":"http:\/\/www.wolfgang-barina.de\/donnerstach\/index.php?rest_route=\/wp\/v2\/posts"}],"about":[{"href":"http:\/\/www.wolfgang-barina.de\/donnerstach\/index.php?rest_route=\/wp\/v2\/types\/post"}],"author":[{"embeddable":true,"href":"http:\/\/www.wolfgang-barina.de\/donnerstach\/index.php?rest_route=\/wp\/v2\/users\/7"}],"replies":[{"embeddable":true,"href":"http:\/\/www.wolfgang-barina.de\/donnerstach\/index.php?rest_route=%2Fwp%2Fv2%2Fcomments&post=684"}],"version-history":[{"count":0,"href":"http:\/\/www.wolfgang-barina.de\/donnerstach\/index.php?rest_route=\/wp\/v2\/posts\/684\/revisions"}],"wp:attachment":[{"href":"http:\/\/www.wolfgang-barina.de\/donnerstach\/index.php?rest_route=%2Fwp%2Fv2%2Fmedia&parent=684"}],"wp:term":[{"taxonomy":"category","embeddable":true,"href":"http:\/\/www.wolfgang-barina.de\/donnerstach\/index.php?rest_route=%2Fwp%2Fv2%2Fcategories&post=684"},{"taxonomy":"post_tag","embeddable":true,"href":"http:\/\/www.wolfgang-barina.de\/donnerstach\/index.php?rest_route=%2Fwp%2Fv2%2Ftags&post=684"}],"curies":[{"name":"wp","href":"https:\/\/api.w.org\/{rel}","templated":true}]}}